{"id":38100,"date":"2019-05-07T01:50:17","date_gmt":"2019-05-07T01:50:17","guid":{"rendered":"http:\/\/www.alertaciudadana.info\/?p=38100"},"modified":"2019-05-07T01:50:17","modified_gmt":"2019-05-07T01:50:17","slug":"detienen-a-secuestradora","status":"publish","type":"post","link":"http:\/\/www.alertaciudadana.info\/?p=38100","title":{"rendered":"Detienen a secuestradora"},"content":{"rendered":"<h3><a href=\"http:\/\/www.alertaciudadana.info\/wp-content\/uploads\/2019\/05\/WhatsApp-Image-2019-05-05-at-14.49.38.jpeg\" rel=\"attachment wp-att-38104\"><img loading=\"lazy\" decoding=\"async\" class=\"alignnone size-full wp-image-38104\" src=\"http:\/\/www.alertaciudadana.info\/wp-content\/uploads\/2019\/05\/WhatsApp-Image-2019-05-05-at-14.49.38.jpeg\" alt=\"WhatsApp Image 2019-05-05 at 14.49.38\" width=\"702\" height=\"971\" srcset=\"http:\/\/www.alertaciudadana.info\/wp-content\/uploads\/2019\/05\/WhatsApp-Image-2019-05-05-at-14.49.38.jpeg 702w, http:\/\/www.alertaciudadana.info\/wp-content\/uploads\/2019\/05\/WhatsApp-Image-2019-05-05-at-14.49.38-217x300.jpeg 217w\" sizes=\"auto, (max-width: 702px) 100vw, 702px\" \/><\/a><\/h3>\n<h3>Ciudad Victoria, Tamaulipas.- Elementos de la Coordinaci\u00f3n Estatal Antisecuestro de la Procuradur\u00eda General de Justicia de Tamaulipas cumplimentaron una orden de aprehensi\u00f3n en contra de Ana Karen \u00abN\u00bb\u201d por el delito de secuestro agravado. Con apoyo de la Fiscal\u00eda General de Justicia del Estado de Nuevo Le\u00f3n, los agentes antisecuestro ejecutaron la orden emitida por un Juez de Control, despu\u00e9s de que el Agente del Ministerio P\u00fablico present\u00f3 elementos suficientes que muestran la probable participaci\u00f3n de la imputada en el secuestro de dos personas por las que exig\u00eda tres millones de peso, hechos ocurridos el 18 de noviembre del 2015 en el municipio de G\u00fc\u00e9mez. Ana Karen \u00abN\u00bb fue puesta a disposici\u00f3n de la autoridad competente que en breve resolver\u00e1n su vinculaci\u00f3n a proceso y establecer\u00e1n las medidas cautelares a que haya lugar.<\/h3>\n","protected":false},"excerpt":{"rendered":"<p>Ciudad Victoria, Tamaulipas.- Elementos de la Coordinaci\u00f3n Estatal Antisecuestro de la Procuradur\u00eda General de Justicia de Tamaulipas cumplimentaron una orden&hellip;<\/p>\n","protected":false},"author":1,"featured_media":38104,"comment_status":"closed","ping_status":"closed","sticky":false,"template":"","format":"standard","meta":{"footnotes":""},"categories":[1,4],"tags":[],"class_list":["post-38100","post","type-post","status-publish","format-standard","has-post-thumbnail","hentry","category-destacados","category-tamaulipas"],"_links":{"self":[{"href":"http:\/\/www.alertaciudadana.info\/index.php?rest_route=\/wp\/v2\/posts\/38100","targetHints":{"allow":["GET"]}}],"collection":[{"href":"http:\/\/www.alertaciudadana.info\/index.php?rest_route=\/wp\/v2\/posts"}],"about":[{"href":"http:\/\/www.alertaciudadana.info\/index.php?rest_route=\/wp\/v2\/types\/post"}],"author":[{"embeddable":true,"href":"http:\/\/www.alertaciudadana.info\/index.php?rest_route=\/wp\/v2\/users\/1"}],"replies":[{"embeddable":true,"href":"http:\/\/www.alertaciudadana.info\/index.php?rest_route=%2Fwp%2Fv2%2Fcomments&post=38100"}],"version-history":[{"count":1,"href":"http:\/\/www.alertaciudadana.info\/index.php?rest_route=\/wp\/v2\/posts\/38100\/revisions"}],"predecessor-version":[{"id":38107,"href":"http:\/\/www.alertaciudadana.info\/index.php?rest_route=\/wp\/v2\/posts\/38100\/revisions\/38107"}],"wp:featuredmedia":[{"embeddable":true,"href":"http:\/\/www.alertaciudadana.info\/index.php?rest_route=\/wp\/v2\/media\/38104"}],"wp:attachment":[{"href":"http:\/\/www.alertaciudadana.info\/index.php?rest_route=%2Fwp%2Fv2%2Fmedia&parent=38100"}],"wp:term":[{"taxonomy":"category","embeddable":true,"href":"http:\/\/www.alertaciudadana.info\/index.php?rest_route=%2Fwp%2Fv2%2Fcategories&post=38100"},{"taxonomy":"post_tag","embeddable":true,"href":"http:\/\/www.alertaciudadana.info\/index.php?rest_route=%2Fwp%2Fv2%2Ftags&post=38100"}],"curies":[{"name":"wp","href":"https:\/\/api.w.org\/{rel}","templated":true}]}}