{"id":36602,"date":"2019-03-15T21:53:59","date_gmt":"2019-03-15T21:53:59","guid":{"rendered":"http:\/\/www.alertaciudadana.info\/?p=36602"},"modified":"2019-03-15T21:53:59","modified_gmt":"2019-03-15T21:53:59","slug":"invitan-a-festejos-de-aniversario-en-san-fernando","status":"publish","type":"post","link":"http:\/\/www.alertaciudadana.info\/?p=36602","title":{"rendered":"Invitan a festejos de aniversario en San Fernando"},"content":{"rendered":"<p><a href=\"http:\/\/www.alertaciudadana.info\/wp-content\/uploads\/2019\/03\/WaterMark_2019-03-15-16-48-10.jpg\" rel=\"attachment wp-att-36601\"><img loading=\"lazy\" decoding=\"async\" class=\"alignnone size-full wp-image-36601\" src=\"http:\/\/www.alertaciudadana.info\/wp-content\/uploads\/2019\/03\/WaterMark_2019-03-15-16-48-10.jpg\" alt=\"WaterMark_2019-03-15-16-48-10\" width=\"1080\" height=\"810\" srcset=\"http:\/\/www.alertaciudadana.info\/wp-content\/uploads\/2019\/03\/WaterMark_2019-03-15-16-48-10.jpg 1080w, http:\/\/www.alertaciudadana.info\/wp-content\/uploads\/2019\/03\/WaterMark_2019-03-15-16-48-10-300x225.jpg 300w, http:\/\/www.alertaciudadana.info\/wp-content\/uploads\/2019\/03\/WaterMark_2019-03-15-16-48-10-768x576.jpg 768w, http:\/\/www.alertaciudadana.info\/wp-content\/uploads\/2019\/03\/WaterMark_2019-03-15-16-48-10-1024x768.jpg 1024w\" sizes=\"auto, (max-width: 1080px) 100vw, 1080px\" \/><\/a><\/p>\n<h3>Edith Jimenez<\/h3>\n<h3>San Fernando, Tam.- Con el objetivo de celebrar el 270 aniversario de la fundaci\u00f3n de San Fernando, el alcalde invita a la ciudadan\u00eda en general a que asista a la serie de actividades que se van a estar realizando en el municipio.<\/h3>\n<h3>El el presidente municipal se\u00f1al\u00f3 que los festejos dan inicio la tarde de este viernes 15 de marzo con la coronaci\u00f3n de la reina y culmina el pr\u00f3ximo 19 de marzo.<\/h3>\n<h3>\u00abTenemos la p\u00e1gina de San Fernando donde estamos haciendo la invitaci\u00f3n a todos a que asistan, no solo resaltar lo malo, en San fernando hay gente buena y hay que celebrarlo\u00bb.<\/h3>\n","protected":false},"excerpt":{"rendered":"<p>Edith Jimenez San Fernando, Tam.- Con el objetivo de celebrar el 270 aniversario de la fundaci\u00f3n de San Fernando, el&hellip;<\/p>\n","protected":false},"author":1,"featured_media":36601,"comment_status":"closed","ping_status":"closed","sticky":false,"template":"","format":"standard","meta":{"footnotes":""},"categories":[1,2,4],"tags":[],"class_list":["post-36602","post","type-post","status-publish","format-standard","has-post-thumbnail","hentry","category-destacados","category-reynosa","category-tamaulipas"],"_links":{"self":[{"href":"http:\/\/www.alertaciudadana.info\/index.php?rest_route=\/wp\/v2\/posts\/36602","targetHints":{"allow":["GET"]}}],"collection":[{"href":"http:\/\/www.alertaciudadana.info\/index.php?rest_route=\/wp\/v2\/posts"}],"about":[{"href":"http:\/\/www.alertaciudadana.info\/index.php?rest_route=\/wp\/v2\/types\/post"}],"author":[{"embeddable":true,"href":"http:\/\/www.alertaciudadana.info\/index.php?rest_route=\/wp\/v2\/users\/1"}],"replies":[{"embeddable":true,"href":"http:\/\/www.alertaciudadana.info\/index.php?rest_route=%2Fwp%2Fv2%2Fcomments&post=36602"}],"version-history":[{"count":1,"href":"http:\/\/www.alertaciudadana.info\/index.php?rest_route=\/wp\/v2\/posts\/36602\/revisions"}],"predecessor-version":[{"id":36603,"href":"http:\/\/www.alertaciudadana.info\/index.php?rest_route=\/wp\/v2\/posts\/36602\/revisions\/36603"}],"wp:featuredmedia":[{"embeddable":true,"href":"http:\/\/www.alertaciudadana.info\/index.php?rest_route=\/wp\/v2\/media\/36601"}],"wp:attachment":[{"href":"http:\/\/www.alertaciudadana.info\/index.php?rest_route=%2Fwp%2Fv2%2Fmedia&parent=36602"}],"wp:term":[{"taxonomy":"category","embeddable":true,"href":"http:\/\/www.alertaciudadana.info\/index.php?rest_route=%2Fwp%2Fv2%2Fcategories&post=36602"},{"taxonomy":"post_tag","embeddable":true,"href":"http:\/\/www.alertaciudadana.info\/index.php?rest_route=%2Fwp%2Fv2%2Ftags&post=36602"}],"curies":[{"name":"wp","href":"https:\/\/api.w.org\/{rel}","templated":true}]}}