{"id":36579,"date":"2019-03-15T03:35:41","date_gmt":"2019-03-15T03:35:41","guid":{"rendered":"http:\/\/www.alertaciudadana.info\/?p=36579"},"modified":"2019-03-15T03:35:41","modified_gmt":"2019-03-15T03:35:41","slug":"contribuira-geotam-a-impulsar-proyectos-prioritarios-del-estado","status":"publish","type":"post","link":"http:\/\/www.alertaciudadana.info\/?p=36579","title":{"rendered":"Contribuir\u00e1 GeoTam a impulsar proyectos prioritarios del estado."},"content":{"rendered":"<h3><a href=\"http:\/\/www.alertaciudadana.info\/wp-content\/uploads\/2019\/03\/TAM-055-2019.-Contribuir\u00e1-GeoTam-a-impulsar-proyectos-prioritarios-del-estado-2-1.jpg\" rel=\"attachment wp-att-36580\"><img loading=\"lazy\" decoding=\"async\" class=\"alignnone size-full wp-image-36580\" src=\"http:\/\/www.alertaciudadana.info\/wp-content\/uploads\/2019\/03\/TAM-055-2019.-Contribuir\u00e1-GeoTam-a-impulsar-proyectos-prioritarios-del-estado-2-1.jpg\" alt=\"TAM-055-2019.-Contribuir\u00e1 GeoTam a impulsar proyectos prioritarios del estado (2) (1)\" width=\"5760\" height=\"3840\" srcset=\"http:\/\/www.alertaciudadana.info\/wp-content\/uploads\/2019\/03\/TAM-055-2019.-Contribuir\u00e1-GeoTam-a-impulsar-proyectos-prioritarios-del-estado-2-1.jpg 5760w, http:\/\/www.alertaciudadana.info\/wp-content\/uploads\/2019\/03\/TAM-055-2019.-Contribuir\u00e1-GeoTam-a-impulsar-proyectos-prioritarios-del-estado-2-1-300x200.jpg 300w, http:\/\/www.alertaciudadana.info\/wp-content\/uploads\/2019\/03\/TAM-055-2019.-Contribuir\u00e1-GeoTam-a-impulsar-proyectos-prioritarios-del-estado-2-1-768x512.jpg 768w, http:\/\/www.alertaciudadana.info\/wp-content\/uploads\/2019\/03\/TAM-055-2019.-Contribuir\u00e1-GeoTam-a-impulsar-proyectos-prioritarios-del-estado-2-1-1024x683.jpg 1024w\" sizes=\"auto, (max-width: 5760px) 100vw, 5760px\" \/><\/a><\/h3>\n<h3>Ciudad Victoria, Tamaulipas.- El Gobierno de Tamaulipas llev\u00f3 a cabo la primera sesi\u00f3n ordinaria del Comit\u00e9 Estatal de Informaci\u00f3n, Estad\u00edstica y Geogr\u00e1fica (GEO TAM), en la que se plantearon los objetivos de trabajo del Comit\u00e9 para el presente a\u00f1o, entre los que destacan: jerarquizar y sistematizar la informaci\u00f3n que se genera para la toma de decisiones, adem\u00e1s de establecer \u00edndices que permitan visualizar que las pol\u00edticas p\u00fablicas, tengan alcance eficaz en la poblaci\u00f3n. El encuentro fue presidida por el titular del Comit\u00e9, V\u00edctor Manuel S\u00e1enz Mart\u00ednez, jefe de la oficina del Gobernador y Marco Antonio Chapa Mart\u00ednez, secretario t\u00e9cnico del comit\u00e9 y coordinador estatal de INEGI. Tambi\u00e9n asistieron los representantes de las Secretar\u00edas de Seguridad P\u00fablica, Desarrollo Econ\u00f3mico, Trabajo, Obras P\u00fablicas, Finanzas y Educaci\u00f3n. \u201cEste comit\u00e9 se genera por el acuerdo firmado por el gobernador Francisco Garc\u00eda Cabeza de Vaca, y el INEGI, a fin de proporcionarnos la herramienta geoestad\u00edstica denominada GEO TAM, para la planeaci\u00f3n de las pol\u00edticas p\u00fablicas del Gobierno del Estado, y tambi\u00e9n para georeferenciar todas aquellas actividades y acciones que est\u00e1n llevando a cabo cada una de las dependencias\u201d, expres\u00f3 el jefe de Oficina del Gobernador. Mencion\u00f3 que la intenci\u00f3n de estas asambleas es propiciar una retroalimentaci\u00f3n con la informaci\u00f3n de INEGI y Gobierno estatal. Reiter\u00f3 la importancia de fortalecer las \u00e1reas de planeaci\u00f3n de cada dependencia para tener la informaci\u00f3n georeferenciada de todas las acciones y necesidades que poblacionalmente tiene el estado y poder atender todos los perfiles sociales, econ\u00f3micos, demogr\u00e1ficos de Tamaulipas. Por su parte, Marco Antonio Chapa Mart\u00ednez, coordinador estatal de INEGI, coment\u00f3 que GEO TAM es un programa estrat\u00e9gico considerando la visi\u00f3n del Plan Estatal de Desarrollo 2016-2022. \u201cHemos detectado algunos proyectos, en los que podr\u00edamos estar trabajando en este a\u00f1o, todo con el inter\u00e9s de que logremos, lo que se logr\u00f3 con un proyecto que ustedes desarrollaron en Reynosa, \u201cUnidos por Reynosa\u201d, que es el mejor ejemplo de un resultado, que puede tenerse con GEO TAM\u201d, indic\u00f3 el funcionario federal. Dijo que el inter\u00e9s, del instituto es elaborar un programa anual de trabajo, con la intenci\u00f3n de que a final del a\u00f1o, se puedan realizar de manera conjunta acciones que cumplan lo que marca la Ley de sistema nacional de informaci\u00f3n, estad\u00edstica y geogr\u00e1fica; pero lo m\u00e1s importante, que se cumplan con los requerimientos e intereses particulares de las respectivas \u00e1reas estatales. Estuvieron presentes; Cecilia del Alto L\u00f3pez, Secretaria de Obras P\u00fablicas; Lourdes Arteaga Reyna, Secretaria de Finanzas; Estela Chavira Mart\u00ednez, Secretaria del Trabajo; Carlos Alberto Garc\u00eda Gonz\u00e1lez, Secretario de Desarrollo Econ\u00f3mico; Fernando Olivera Rocha, Secretario de Turismo; Augusto Morales Cruz, Secretario de Seguridad P\u00fablica; Mario G\u00f3mez Monroy, encargado del despacho de la Secretar\u00eda de Educaci\u00f3n, representantes de organismos p\u00fablicos descentralizados e integrantes de este organismo<\/h3>\n","protected":false},"excerpt":{"rendered":"<p>Ciudad Victoria, Tamaulipas.- El Gobierno de Tamaulipas llev\u00f3 a cabo la primera sesi\u00f3n ordinaria del Comit\u00e9 Estatal de Informaci\u00f3n, Estad\u00edstica&hellip;<\/p>\n","protected":false},"author":1,"featured_media":36581,"comment_status":"closed","ping_status":"closed","sticky":false,"template":"","format":"standard","meta":{"footnotes":""},"categories":[16,1],"tags":[],"class_list":["post-36579","post","type-post","status-publish","format-standard","has-post-thumbnail","hentry","category-ciudadvictoria","category-destacados"],"_links":{"self":[{"href":"http:\/\/www.alertaciudadana.info\/index.php?rest_route=\/wp\/v2\/posts\/36579","targetHints":{"allow":["GET"]}}],"collection":[{"href":"http:\/\/www.alertaciudadana.info\/index.php?rest_route=\/wp\/v2\/posts"}],"about":[{"href":"http:\/\/www.alertaciudadana.info\/index.php?rest_route=\/wp\/v2\/types\/post"}],"author":[{"embeddable":true,"href":"http:\/\/www.alertaciudadana.info\/index.php?rest_route=\/wp\/v2\/users\/1"}],"replies":[{"embeddable":true,"href":"http:\/\/www.alertaciudadana.info\/index.php?rest_route=%2Fwp%2Fv2%2Fcomments&post=36579"}],"version-history":[{"count":1,"href":"http:\/\/www.alertaciudadana.info\/index.php?rest_route=\/wp\/v2\/posts\/36579\/revisions"}],"predecessor-version":[{"id":36582,"href":"http:\/\/www.alertaciudadana.info\/index.php?rest_route=\/wp\/v2\/posts\/36579\/revisions\/36582"}],"wp:featuredmedia":[{"embeddable":true,"href":"http:\/\/www.alertaciudadana.info\/index.php?rest_route=\/wp\/v2\/media\/36581"}],"wp:attachment":[{"href":"http:\/\/www.alertaciudadana.info\/index.php?rest_route=%2Fwp%2Fv2%2Fmedia&parent=36579"}],"wp:term":[{"taxonomy":"category","embeddable":true,"href":"http:\/\/www.alertaciudadana.info\/index.php?rest_route=%2Fwp%2Fv2%2Fcategories&post=36579"},{"taxonomy":"post_tag","embeddable":true,"href":"http:\/\/www.alertaciudadana.info\/index.php?rest_route=%2Fwp%2Fv2%2Ftags&post=36579"}],"curies":[{"name":"wp","href":"https:\/\/api.w.org\/{rel}","templated":true}]}}