{"id":36194,"date":"2019-03-02T01:31:33","date_gmt":"2019-03-02T01:31:33","guid":{"rendered":"http:\/\/www.alertaciudadana.info\/?p=36194"},"modified":"2019-03-02T01:31:33","modified_gmt":"2019-03-02T01:31:33","slug":"no-fue-robo-de-infante-en-reynosa","status":"publish","type":"post","link":"http:\/\/www.alertaciudadana.info\/?p=36194","title":{"rendered":"No fue robo de infante en Reynosa"},"content":{"rendered":"<h3 style=\"text-align: left;\"><a href=\"http:\/\/www.alertaciudadana.info\/wp-content\/uploads\/2019\/02\/WaterMark_2019-02-21-15-20-59.jpg\" rel=\"attachment wp-att-35812\"><img loading=\"lazy\" decoding=\"async\" class=\"alignnone size-full wp-image-35812\" src=\"http:\/\/www.alertaciudadana.info\/wp-content\/uploads\/2019\/02\/WaterMark_2019-02-21-15-20-59.jpg\" alt=\"WaterMark_2019-02-21-15-20-59\" width=\"1080\" height=\"810\" srcset=\"http:\/\/www.alertaciudadana.info\/wp-content\/uploads\/2019\/02\/WaterMark_2019-02-21-15-20-59.jpg 1080w, http:\/\/www.alertaciudadana.info\/wp-content\/uploads\/2019\/02\/WaterMark_2019-02-21-15-20-59-300x225.jpg 300w, http:\/\/www.alertaciudadana.info\/wp-content\/uploads\/2019\/02\/WaterMark_2019-02-21-15-20-59-768x576.jpg 768w, http:\/\/www.alertaciudadana.info\/wp-content\/uploads\/2019\/02\/WaterMark_2019-02-21-15-20-59-1024x768.jpg 1024w\" sizes=\"auto, (max-width: 1080px) 100vw, 1080px\" \/><\/a><\/h3>\n<h3 style=\"text-align: left;\">Javier Izaguirre Reynosa Tam.-El d\u00eda de Ayer se form\u00f3 un despliegue policiaco en la zona centro, esto a ra\u00edz de que se recibiera una llamada de emergencia al 911, donde se mencionaba que hab\u00eda sido robada o secuestrada una menor en pleno centro de la ciudad, al llegar los elementos policiacos a entrevistarse con el padre de la menor este realiz\u00f3 diferentes relatos desde un robo de la menor, hasta el secuestro de la misma lo que ocasion\u00f3 una pronta intervenci\u00f3n de los Elementos Policiacos en un radio de 20 kil\u00f3metros para dar con los supuestos roba ni\u00f1os.<\/h3>\n<h3 style=\"text-align: left;\">El despliegue y Operativo que se llev\u00f3 acabo se dio en toda la zona centro, ya habr\u00edan pasado dos horas\u00a0 cuando un v\u00eddeo de un establecimiento, dio a conocer que de la mano de una mujer caminaba la menor de tan s\u00f3lo 4 a\u00f1os de edad, a los pocos minuto se mencion\u00f3 que habr\u00eda aparecido en la colonia chaparra, hasta donde llegaron los elementos policiacos, hasta el cierre de la edici\u00f3n se mencion\u00f3 que la mujer que la llevaba, la hab\u00eda encontrado sola caminando sin a\u00fan quedar claro el por que no la entreg\u00f3 a la polic\u00eda, estando en espera de que se pueda aclarar el caso del supuesto robo de la infante.<\/h3>\n<h3 style=\"text-align: left;\"><\/h3>\n","protected":false},"excerpt":{"rendered":"<p>Javier Izaguirre Reynosa Tam.-El d\u00eda de Ayer se form\u00f3 un despliegue policiaco en la zona centro, esto a ra\u00edz de&hellip;<\/p>\n","protected":false},"author":1,"featured_media":35812,"comment_status":"closed","ping_status":"closed","sticky":false,"template":"","format":"standard","meta":{"footnotes":""},"categories":[1,8],"tags":[],"class_list":["post-36194","post","type-post","status-publish","format-standard","has-post-thumbnail","hentry","category-destacados","category-policiaca"],"_links":{"self":[{"href":"http:\/\/www.alertaciudadana.info\/index.php?rest_route=\/wp\/v2\/posts\/36194","targetHints":{"allow":["GET"]}}],"collection":[{"href":"http:\/\/www.alertaciudadana.info\/index.php?rest_route=\/wp\/v2\/posts"}],"about":[{"href":"http:\/\/www.alertaciudadana.info\/index.php?rest_route=\/wp\/v2\/types\/post"}],"author":[{"embeddable":true,"href":"http:\/\/www.alertaciudadana.info\/index.php?rest_route=\/wp\/v2\/users\/1"}],"replies":[{"embeddable":true,"href":"http:\/\/www.alertaciudadana.info\/index.php?rest_route=%2Fwp%2Fv2%2Fcomments&post=36194"}],"version-history":[{"count":1,"href":"http:\/\/www.alertaciudadana.info\/index.php?rest_route=\/wp\/v2\/posts\/36194\/revisions"}],"predecessor-version":[{"id":36195,"href":"http:\/\/www.alertaciudadana.info\/index.php?rest_route=\/wp\/v2\/posts\/36194\/revisions\/36195"}],"wp:featuredmedia":[{"embeddable":true,"href":"http:\/\/www.alertaciudadana.info\/index.php?rest_route=\/wp\/v2\/media\/35812"}],"wp:attachment":[{"href":"http:\/\/www.alertaciudadana.info\/index.php?rest_route=%2Fwp%2Fv2%2Fmedia&parent=36194"}],"wp:term":[{"taxonomy":"category","embeddable":true,"href":"http:\/\/www.alertaciudadana.info\/index.php?rest_route=%2Fwp%2Fv2%2Fcategories&post=36194"},{"taxonomy":"post_tag","embeddable":true,"href":"http:\/\/www.alertaciudadana.info\/index.php?rest_route=%2Fwp%2Fv2%2Ftags&post=36194"}],"curies":[{"name":"wp","href":"https:\/\/api.w.org\/{rel}","templated":true}]}}