{"id":33822,"date":"2018-12-13T00:45:25","date_gmt":"2018-12-13T00:45:25","guid":{"rendered":"http:\/\/www.alertaciudadana.info\/?p=33822"},"modified":"2018-12-13T00:45:25","modified_gmt":"2018-12-13T00:45:25","slug":"despliegan-policia-militar-en-reynosa","status":"publish","type":"post","link":"http:\/\/www.alertaciudadana.info\/?p=33822","title":{"rendered":"Despliegan Polic\u00eda Militar en Reynosa"},"content":{"rendered":"<p><a href=\"http:\/\/www.alertaciudadana.info\/wp-content\/uploads\/2018\/12\/9877.jpg\" rel=\"attachment wp-att-33823\"><img loading=\"lazy\" decoding=\"async\" class=\"alignright size-full wp-image-33823\" src=\"http:\/\/www.alertaciudadana.info\/wp-content\/uploads\/2018\/12\/9877.jpg\" alt=\"9877\" width=\"848\" height=\"768\" srcset=\"http:\/\/www.alertaciudadana.info\/wp-content\/uploads\/2018\/12\/9877.jpg 848w, http:\/\/www.alertaciudadana.info\/wp-content\/uploads\/2018\/12\/9877-300x272.jpg 300w, http:\/\/www.alertaciudadana.info\/wp-content\/uploads\/2018\/12\/9877-768x696.jpg 768w\" sizes=\"auto, (max-width: 848px) 100vw, 848px\" \/><\/a><\/p>\n<h3>Edith Jimenez<\/h3>\n<h3>Reynosa, Tam.-Luego de que el Presidente de la Rep\u00fablica, Andr\u00e9s Manuel L\u00f3pez Obrador, presentara el Plan Nacional de Paz y Seguridad 2018 &#8211; 2024, se dio a conocer por parte de las Fuerzas Armadas que se iniciar\u00e1 el despliegue de elementos de Gendarmer\u00eda Nacional en Reynosa.<\/h3>\n<h3>Dicho plan pretende lograr que las familias de M\u00e9xico recuperen la tranquilidad y confianza en las instituciones y la prioridad ser\u00e1 garantizar la paz y mejorar la vida de cada uno de los mexicanos.<\/h3>\n<h3>Ser\u00e1n elementos de a Polic\u00eda Militar quienes inicien con los rondines por la ciudad, en tanto se integra la corporaci\u00f3n de Gendarmer\u00eda Nacional, adem\u00e1s de que Polic\u00edas Federales tambien prestaran servicio como parte del nuevo sistema de seguridad, se\u00f1alando que el personal militar cuenta con el adiestramiento correspondiente para proteger a los ciudadanos, as\u00ed como proximidad social.<\/h3>\n","protected":false},"excerpt":{"rendered":"<p>Edith Jimenez Reynosa, Tam.-Luego de que el Presidente de la Rep\u00fablica, Andr\u00e9s Manuel L\u00f3pez Obrador, presentara el Plan Nacional de&hellip;<\/p>\n","protected":false},"author":1,"featured_media":33823,"comment_status":"closed","ping_status":"closed","sticky":false,"template":"","format":"standard","meta":{"footnotes":""},"categories":[1,8,2],"tags":[],"class_list":["post-33822","post","type-post","status-publish","format-standard","has-post-thumbnail","hentry","category-destacados","category-policiaca","category-reynosa"],"_links":{"self":[{"href":"http:\/\/www.alertaciudadana.info\/index.php?rest_route=\/wp\/v2\/posts\/33822","targetHints":{"allow":["GET"]}}],"collection":[{"href":"http:\/\/www.alertaciudadana.info\/index.php?rest_route=\/wp\/v2\/posts"}],"about":[{"href":"http:\/\/www.alertaciudadana.info\/index.php?rest_route=\/wp\/v2\/types\/post"}],"author":[{"embeddable":true,"href":"http:\/\/www.alertaciudadana.info\/index.php?rest_route=\/wp\/v2\/users\/1"}],"replies":[{"embeddable":true,"href":"http:\/\/www.alertaciudadana.info\/index.php?rest_route=%2Fwp%2Fv2%2Fcomments&post=33822"}],"version-history":[{"count":1,"href":"http:\/\/www.alertaciudadana.info\/index.php?rest_route=\/wp\/v2\/posts\/33822\/revisions"}],"predecessor-version":[{"id":33824,"href":"http:\/\/www.alertaciudadana.info\/index.php?rest_route=\/wp\/v2\/posts\/33822\/revisions\/33824"}],"wp:featuredmedia":[{"embeddable":true,"href":"http:\/\/www.alertaciudadana.info\/index.php?rest_route=\/wp\/v2\/media\/33823"}],"wp:attachment":[{"href":"http:\/\/www.alertaciudadana.info\/index.php?rest_route=%2Fwp%2Fv2%2Fmedia&parent=33822"}],"wp:term":[{"taxonomy":"category","embeddable":true,"href":"http:\/\/www.alertaciudadana.info\/index.php?rest_route=%2Fwp%2Fv2%2Fcategories&post=33822"},{"taxonomy":"post_tag","embeddable":true,"href":"http:\/\/www.alertaciudadana.info\/index.php?rest_route=%2Fwp%2Fv2%2Ftags&post=33822"}],"curies":[{"name":"wp","href":"https:\/\/api.w.org\/{rel}","templated":true}]}}