{"id":33818,"date":"2018-12-13T00:23:08","date_gmt":"2018-12-13T00:23:08","guid":{"rendered":"http:\/\/www.alertaciudadana.info\/?p=33818"},"modified":"2018-12-13T00:30:58","modified_gmt":"2018-12-13T00:30:58","slug":"luces-navidenas-aumentan-incendios","status":"publish","type":"post","link":"http:\/\/www.alertaciudadana.info\/?p=33818","title":{"rendered":"Luces navide\u00f1as aumentan incendios"},"content":{"rendered":"<p><a href=\"http:\/\/www.alertaciudadana.info\/wp-content\/uploads\/2018\/12\/WaterMark_2018-12-10-17-15-03-e1544661017977.jpg\" rel=\"attachment wp-att-33709\"><img loading=\"lazy\" decoding=\"async\" class=\"alignright size-full wp-image-33709\" src=\"http:\/\/www.alertaciudadana.info\/wp-content\/uploads\/2018\/12\/WaterMark_2018-12-10-17-15-03-e1544661017977.jpg\" alt=\"WaterMark_2018-12-10-17-15-03\" width=\"1080\" height=\"615\" srcset=\"http:\/\/www.alertaciudadana.info\/wp-content\/uploads\/2018\/12\/WaterMark_2018-12-10-17-15-03-e1544661017977.jpg 1080w, http:\/\/www.alertaciudadana.info\/wp-content\/uploads\/2018\/12\/WaterMark_2018-12-10-17-15-03-e1544661017977-300x171.jpg 300w, http:\/\/www.alertaciudadana.info\/wp-content\/uploads\/2018\/12\/WaterMark_2018-12-10-17-15-03-e1544661017977-768x437.jpg 768w, http:\/\/www.alertaciudadana.info\/wp-content\/uploads\/2018\/12\/WaterMark_2018-12-10-17-15-03-e1544661017977-1024x583.jpg 1024w\" sizes=\"auto, (max-width: 1080px) 100vw, 1080px\" \/><\/a><\/p>\n<h3>Edith Jimenez<\/h3>\n<h3>Reynosa, Tam.-La temporada decembrina es un tiempo en donde adem\u00e1s de convivir con familiares se incrementan los incendios, sobre todo en casa-habitaci\u00f3n debido a que en la mayor\u00eda de las veces las series de luces son de mala calidad y\u00a0 que no cumplen con los est\u00e1ndares de resistencia.<\/h3>\n<h3>Hasta el momento en Reynosa no han originado incendios por sobrecalentamiento en luces navide\u00f1as o arboles de navidad, sin embrago es importante que aladquirirlos veririfiquen que cuenten con la leyenda &#8216;resistentes al fuego&#8217;, adem\u00e1s de tomar precauciones para evitar una tragedia.<\/h3>\n<h3>Protecci\u00f3n Civil Municipal exhorto a los ciudadanos a evitar dejar\u00a0 conectados las luces por un tiempo considerable y colocarlas lejos de muebles, cortinas u objetos flamables.<\/h3>\n","protected":false},"excerpt":{"rendered":"<p>Edith Jimenez Reynosa, Tam.-La temporada decembrina es un tiempo en donde adem\u00e1s de convivir con familiares se incrementan los incendios,&hellip;<\/p>\n","protected":false},"author":1,"featured_media":33709,"comment_status":"closed","ping_status":"closed","sticky":false,"template":"","format":"standard","meta":{"footnotes":""},"categories":[1,2],"tags":[],"class_list":["post-33818","post","type-post","status-publish","format-standard","has-post-thumbnail","hentry","category-destacados","category-reynosa"],"_links":{"self":[{"href":"http:\/\/www.alertaciudadana.info\/index.php?rest_route=\/wp\/v2\/posts\/33818","targetHints":{"allow":["GET"]}}],"collection":[{"href":"http:\/\/www.alertaciudadana.info\/index.php?rest_route=\/wp\/v2\/posts"}],"about":[{"href":"http:\/\/www.alertaciudadana.info\/index.php?rest_route=\/wp\/v2\/types\/post"}],"author":[{"embeddable":true,"href":"http:\/\/www.alertaciudadana.info\/index.php?rest_route=\/wp\/v2\/users\/1"}],"replies":[{"embeddable":true,"href":"http:\/\/www.alertaciudadana.info\/index.php?rest_route=%2Fwp%2Fv2%2Fcomments&post=33818"}],"version-history":[{"count":2,"href":"http:\/\/www.alertaciudadana.info\/index.php?rest_route=\/wp\/v2\/posts\/33818\/revisions"}],"predecessor-version":[{"id":33821,"href":"http:\/\/www.alertaciudadana.info\/index.php?rest_route=\/wp\/v2\/posts\/33818\/revisions\/33821"}],"wp:featuredmedia":[{"embeddable":true,"href":"http:\/\/www.alertaciudadana.info\/index.php?rest_route=\/wp\/v2\/media\/33709"}],"wp:attachment":[{"href":"http:\/\/www.alertaciudadana.info\/index.php?rest_route=%2Fwp%2Fv2%2Fmedia&parent=33818"}],"wp:term":[{"taxonomy":"category","embeddable":true,"href":"http:\/\/www.alertaciudadana.info\/index.php?rest_route=%2Fwp%2Fv2%2Fcategories&post=33818"},{"taxonomy":"post_tag","embeddable":true,"href":"http:\/\/www.alertaciudadana.info\/index.php?rest_route=%2Fwp%2Fv2%2Ftags&post=33818"}],"curies":[{"name":"wp","href":"https:\/\/api.w.org\/{rel}","templated":true}]}}