{"id":33815,"date":"2018-12-13T00:15:17","date_gmt":"2018-12-13T00:15:17","guid":{"rendered":"http:\/\/www.alertaciudadana.info\/?p=33815"},"modified":"2018-12-13T00:15:17","modified_gmt":"2018-12-13T00:15:17","slug":"falta-mano-de-obra-en-maquiladoras","status":"publish","type":"post","link":"http:\/\/www.alertaciudadana.info\/?p=33815","title":{"rendered":"Falta mano de obra en maquiladoras"},"content":{"rendered":"<p><a href=\"http:\/\/www.alertaciudadana.info\/wp-content\/uploads\/2018\/12\/WaterMark_2018-12-10-17-14-20.jpg\" rel=\"attachment wp-att-33712\"><img loading=\"lazy\" decoding=\"async\" class=\" wp-image-33712 aligncenter\" src=\"http:\/\/www.alertaciudadana.info\/wp-content\/uploads\/2018\/12\/WaterMark_2018-12-10-17-14-20.jpg\" alt=\"WaterMark_2018-12-10-17-14-20\" width=\"660\" height=\"495\" srcset=\"http:\/\/www.alertaciudadana.info\/wp-content\/uploads\/2018\/12\/WaterMark_2018-12-10-17-14-20.jpg 1080w, http:\/\/www.alertaciudadana.info\/wp-content\/uploads\/2018\/12\/WaterMark_2018-12-10-17-14-20-300x225.jpg 300w, http:\/\/www.alertaciudadana.info\/wp-content\/uploads\/2018\/12\/WaterMark_2018-12-10-17-14-20-768x576.jpg 768w, http:\/\/www.alertaciudadana.info\/wp-content\/uploads\/2018\/12\/WaterMark_2018-12-10-17-14-20-1024x768.jpg 1024w\" sizes=\"auto, (max-width: 660px) 100vw, 660px\" \/><\/a><\/p>\n<h3>Edith Jimenez<\/h3>\n<h3>Reynosa, Tam.-La Direcci\u00f3n del Empleo y Productividad Municipal dio a conocer que se necesita mano de obra en las empresas maquiladoras, se\u00f1alando que aunque se han generado m\u00e1s de 17 mil empleos en el a\u00f1o, hay mucha oferta laboral.<\/h3>\n<h3><span class=\"st\">Felipe Rodr\u00edguez Garc\u00eda, explic\u00f3 que en el mes de diciembre trabajadores dejan sus empleos para ir a sus Estados de origen lo cual frena la producci\u00f3n en las maquiladoras.<\/span><\/h3>\n<h3>\u00abNecesitamos mano de obra, estamos haciendo un analisis para ver que tanto personal hara falta para el 2019 y ver que actividades podemos reaalizar y colocar vacantes\u00bb.<\/h3>\n","protected":false},"excerpt":{"rendered":"<p>Edith Jimenez Reynosa, Tam.-La Direcci\u00f3n del Empleo y Productividad Municipal dio a conocer que se necesita mano de obra en&hellip;<\/p>\n","protected":false},"author":1,"featured_media":33816,"comment_status":"closed","ping_status":"closed","sticky":false,"template":"","format":"standard","meta":{"footnotes":""},"categories":[1,2],"tags":[],"class_list":["post-33815","post","type-post","status-publish","format-standard","has-post-thumbnail","hentry","category-destacados","category-reynosa"],"_links":{"self":[{"href":"http:\/\/www.alertaciudadana.info\/index.php?rest_route=\/wp\/v2\/posts\/33815","targetHints":{"allow":["GET"]}}],"collection":[{"href":"http:\/\/www.alertaciudadana.info\/index.php?rest_route=\/wp\/v2\/posts"}],"about":[{"href":"http:\/\/www.alertaciudadana.info\/index.php?rest_route=\/wp\/v2\/types\/post"}],"author":[{"embeddable":true,"href":"http:\/\/www.alertaciudadana.info\/index.php?rest_route=\/wp\/v2\/users\/1"}],"replies":[{"embeddable":true,"href":"http:\/\/www.alertaciudadana.info\/index.php?rest_route=%2Fwp%2Fv2%2Fcomments&post=33815"}],"version-history":[{"count":1,"href":"http:\/\/www.alertaciudadana.info\/index.php?rest_route=\/wp\/v2\/posts\/33815\/revisions"}],"predecessor-version":[{"id":33817,"href":"http:\/\/www.alertaciudadana.info\/index.php?rest_route=\/wp\/v2\/posts\/33815\/revisions\/33817"}],"wp:featuredmedia":[{"embeddable":true,"href":"http:\/\/www.alertaciudadana.info\/index.php?rest_route=\/wp\/v2\/media\/33816"}],"wp:attachment":[{"href":"http:\/\/www.alertaciudadana.info\/index.php?rest_route=%2Fwp%2Fv2%2Fmedia&parent=33815"}],"wp:term":[{"taxonomy":"category","embeddable":true,"href":"http:\/\/www.alertaciudadana.info\/index.php?rest_route=%2Fwp%2Fv2%2Fcategories&post=33815"},{"taxonomy":"post_tag","embeddable":true,"href":"http:\/\/www.alertaciudadana.info\/index.php?rest_route=%2Fwp%2Fv2%2Ftags&post=33815"}],"curies":[{"name":"wp","href":"https:\/\/api.w.org\/{rel}","templated":true}]}}