{"id":33811,"date":"2018-12-12T23:29:56","date_gmt":"2018-12-12T23:29:56","guid":{"rendered":"http:\/\/www.alertaciudadana.info\/?p=33811"},"modified":"2018-12-12T23:29:56","modified_gmt":"2018-12-12T23:29:56","slug":"celebra-vaticano-navidad-mexicana-con-tamaulipas-como-invitado","status":"publish","type":"post","link":"http:\/\/www.alertaciudadana.info\/?p=33811","title":{"rendered":"Celebra Vaticano Navidad Mexicana con Tamaulipas como invitado"},"content":{"rendered":"<p><a href=\"http:\/\/www.alertaciudadana.info\/wp-content\/uploads\/2018\/12\/766667.jpg\" rel=\"attachment wp-att-33812\"><img loading=\"lazy\" decoding=\"async\" class=\"wp-image-33812 aligncenter\" src=\"http:\/\/www.alertaciudadana.info\/wp-content\/uploads\/2018\/12\/766667.jpg\" alt=\"766667\" width=\"750\" height=\"441\" srcset=\"http:\/\/www.alertaciudadana.info\/wp-content\/uploads\/2018\/12\/766667.jpg 850w, http:\/\/www.alertaciudadana.info\/wp-content\/uploads\/2018\/12\/766667-300x176.jpg 300w, http:\/\/www.alertaciudadana.info\/wp-content\/uploads\/2018\/12\/766667-768x452.jpg 768w\" sizes=\"auto, (max-width: 750px) 100vw, 750px\" \/><\/a><\/p>\n<h3>Edith Jimenez<\/h3>\n<h3>12\/12\/2018<\/h3>\n<h3>Ciudad del Vaticano. La cultura y tradiciones de Tamaulipas lucieron ante los ojos del mundo, gracias a un grupo de artesanos de la entidad que llevaron sus productos por primera vez hasta la Ciudad del Vaticano, en el marco de la Navidad Mexicana en el Vaticano, Tamaulipas 2018, celebraci\u00f3n en la que tambi\u00e9n se mostr\u00f3 lo mejor de su gastronom\u00eda.<\/h3>\n<h3>La inauguraci\u00f3n del evento realizado por el Vaticano, en coordinaci\u00f3n con la Embajada de M\u00e9xico ante la Santa Sede, se llev\u00f3 a cabo en el Aula Paolo VI\u00a0 con la presentaci\u00f3n de \u00e1rboles navide\u00f1os y nacimientos decorados por artesanos tamaulipecos, los cuales ser\u00e1n expuestos en la mencionada aula y los Museos Vaticanos hasta el pr\u00f3ximo mes de febrero.<\/h3>\n<h3>Los artesanos fueron acompa\u00f1ados por el gobernador Francisco Garc\u00eda Cabeza de Vaca y la presidenta del Sistema DIF Tamaulipas, Mariana G\u00f3mez de Garc\u00eda Cabeza de Vaca, quienes a su vez, participaron en la inauguraci\u00f3n de las actividades junto al Cardenal Giuseppe Bertello, gobernador del Estado de la Ciudad del Vaticano y autoridades de la Embajada de M\u00e9xico ante la Santa Sede.<\/h3>\n<h3>\u201cHemos tra\u00eddo esta noche artesanos, con quienes queremos dar a conocer nuestra riqueza cultural y artesanal que tenemos, dando muestra de la grandeza de nuestro estado que no solo son sus playas, riqueza natural, desarrollo econ\u00f3mico, sino que la grandeza de Tamaulipas radica en su gente\u201d, dijo el mandatario tamaulipeco.<\/h3>\n<h3>El presidente de la Gobernaci\u00f3n del Estado de la Ciudad del Vaticano, Cardenal Giuseppe Bertello, record\u00f3 con cari\u00f1o a Tamaulipas, tierra que tuvo oportunidad de conocer al visitar los municipios de Matamoros, Nuevo Laredo y Tampico.<\/h3>\n<h3>Los artesanos participantes son Antonio Corona, de Tampico, quien tuvo a cargo la decoraci\u00f3n de los nacimientos; Silvestre In\u00e9s Hern\u00e1ndez P\u00e9rez y Luz Mercedes Aros Rodr\u00edguez, originarios del municipio de Mante, quienes trabajan el bamb\u00fa; adem\u00e1s de \u00c1ngel Osiel Mendoza Reyna, del municipio de Tula, quien proviene de una familia con larga tradici\u00f3n en la elaboraci\u00f3n de cueras y curtidos.<\/h3>\n<h3>Durante la inauguraci\u00f3n de la Navidad Mexicana en el Vaticano, Tamaulipas 2018, los asistentes tambi\u00e9n disfrutaron de la m\u00fasica y baile de la Orquesta Infantil Comunitaria y el Conjunto T\u00edpico Tamaulipeco, quienes interpretaron sones que distinguen a la entidad como la polka, el huapango y la picota.<\/h3>\n<h3>En la muestra gastron\u00f3mica se degustaron platillos como jaiba a la Frank, jaiba rellena, bocoles de cabrito, empanadas tultecas y mezcal, cada uno presentado por el chef tamaulipeco \u00c1ngel Garc\u00eda, del municipio de Tampico.<\/h3>\n<h3>Asimismo, fue inaugurada una muestra fotogr\u00e1fica compuesta por 20 im\u00e1genes sobre los principales destinos tur\u00edsticos tamaulipecos en la V\u00eda de la Conciliaci\u00f3n, avenida peatonal que diariamente es transitada por decenas de miles de turistas en su camino hacia la Plaza y Bas\u00edlica de San Pedro.<\/h3>\n","protected":false},"excerpt":{"rendered":"<p>Edith Jimenez 12\/12\/2018 Ciudad del Vaticano. La cultura y tradiciones de Tamaulipas lucieron ante los ojos del mundo, gracias a&hellip;<\/p>\n","protected":false},"author":1,"featured_media":33813,"comment_status":"closed","ping_status":"closed","sticky":false,"template":"","format":"standard","meta":{"footnotes":""},"categories":[16,1,4],"tags":[],"class_list":["post-33811","post","type-post","status-publish","format-standard","has-post-thumbnail","hentry","category-ciudadvictoria","category-destacados","category-tamaulipas"],"_links":{"self":[{"href":"http:\/\/www.alertaciudadana.info\/index.php?rest_route=\/wp\/v2\/posts\/33811","targetHints":{"allow":["GET"]}}],"collection":[{"href":"http:\/\/www.alertaciudadana.info\/index.php?rest_route=\/wp\/v2\/posts"}],"about":[{"href":"http:\/\/www.alertaciudadana.info\/index.php?rest_route=\/wp\/v2\/types\/post"}],"author":[{"embeddable":true,"href":"http:\/\/www.alertaciudadana.info\/index.php?rest_route=\/wp\/v2\/users\/1"}],"replies":[{"embeddable":true,"href":"http:\/\/www.alertaciudadana.info\/index.php?rest_route=%2Fwp%2Fv2%2Fcomments&post=33811"}],"version-history":[{"count":1,"href":"http:\/\/www.alertaciudadana.info\/index.php?rest_route=\/wp\/v2\/posts\/33811\/revisions"}],"predecessor-version":[{"id":33814,"href":"http:\/\/www.alertaciudadana.info\/index.php?rest_route=\/wp\/v2\/posts\/33811\/revisions\/33814"}],"wp:featuredmedia":[{"embeddable":true,"href":"http:\/\/www.alertaciudadana.info\/index.php?rest_route=\/wp\/v2\/media\/33813"}],"wp:attachment":[{"href":"http:\/\/www.alertaciudadana.info\/index.php?rest_route=%2Fwp%2Fv2%2Fmedia&parent=33811"}],"wp:term":[{"taxonomy":"category","embeddable":true,"href":"http:\/\/www.alertaciudadana.info\/index.php?rest_route=%2Fwp%2Fv2%2Fcategories&post=33811"},{"taxonomy":"post_tag","embeddable":true,"href":"http:\/\/www.alertaciudadana.info\/index.php?rest_route=%2Fwp%2Fv2%2Ftags&post=33811"}],"curies":[{"name":"wp","href":"https:\/\/api.w.org\/{rel}","templated":true}]}}