{"id":32707,"date":"2018-11-13T01:52:12","date_gmt":"2018-11-13T01:52:12","guid":{"rendered":"http:\/\/www.alertaciudadana.info\/?p=32707"},"modified":"2018-11-13T01:52:12","modified_gmt":"2018-11-13T01:52:12","slug":"entrega-presidenta-del-dif-rio-bravo-cobertores-a-abuelitos-del-asilo","status":"publish","type":"post","link":"http:\/\/www.alertaciudadana.info\/?p=32707","title":{"rendered":"Entrega Presidenta del DIF R\u00edo Bravo, cobertores a abuelitos del Asilo\u00a0"},"content":{"rendered":"<p><a href=\"http:\/\/www.alertaciudadana.info\/wp-content\/uploads\/2018\/11\/IMG-20181112-WA0084.jpg\" rel=\"attachment wp-att-32708\"><img loading=\"lazy\" decoding=\"async\" class=\"alignright size-full wp-image-32708\" src=\"http:\/\/www.alertaciudadana.info\/wp-content\/uploads\/2018\/11\/IMG-20181112-WA0084.jpg\" alt=\"IMG-20181112-WA0084\" width=\"1280\" height=\"914\" srcset=\"http:\/\/www.alertaciudadana.info\/wp-content\/uploads\/2018\/11\/IMG-20181112-WA0084.jpg 1280w, http:\/\/www.alertaciudadana.info\/wp-content\/uploads\/2018\/11\/IMG-20181112-WA0084-300x214.jpg 300w, http:\/\/www.alertaciudadana.info\/wp-content\/uploads\/2018\/11\/IMG-20181112-WA0084-768x548.jpg 768w, http:\/\/www.alertaciudadana.info\/wp-content\/uploads\/2018\/11\/IMG-20181112-WA0084-1024x731.jpg 1024w\" sizes=\"auto, (max-width: 1280px) 100vw, 1280px\" \/><\/a><\/p>\n<h3>R\u00edo Bravo Tam.-Atendiendo las necesidades de los grupos vulnerables y a fin de prevenir enfermedades derivadas de las bajas temperaturas en los adultos mayores, el Sistema DIF R\u00edo Bravo, que encabeza la Presidenta, Se\u00f1ora, Leticia De Le\u00f3n De Ulivarri, hizo entrega de cobertores en el silo de ancianos Hogar Quietud.<\/h3>\n<h3>La primera trabajadora social del municipio fue recibida por la Directora del Asilo, Lic. Magda Garc\u00eda Tijerina, haciendo la entrega de 40 cobertores para protecci\u00f3n de la salud de los abuelitos.<\/h3>\n<h3>\u201cEs prioridad del sistema DIF, brindar las garant\u00edas para una vida digna a las personas en situaci\u00f3n vulnerable, es por ello qu\u00e9 nos hemos dado a la tarea de entregar cobertores a quienes sabemos que lo necesitan, gracias al asilo Hogar Quietud, por la labor que realiza con los abuelitos y sepan que en el DIF estamos para brindarles todo el apoyo que requieran\u201d coment\u00f3 la primera dama.<\/h3>\n<h3>Con estas importantes acciones de beneficio social, es como el DIF R\u00edo Bravo, que encabeza la Se\u00f1ora, Leticia De Le\u00f3n De Ulivarri, refrenda su compromiso de ayudar a mejorar las condiciones de vida de los adultos mayores.<\/h3>\n","protected":false},"excerpt":{"rendered":"<p>R\u00edo Bravo Tam.-Atendiendo las necesidades de los grupos vulnerables y a fin de prevenir enfermedades derivadas de las bajas temperaturas&hellip;<\/p>\n","protected":false},"author":1,"featured_media":32709,"comment_status":"closed","ping_status":"closed","sticky":false,"template":"","format":"standard","meta":{"footnotes":""},"categories":[1,3],"tags":[],"class_list":["post-32707","post","type-post","status-publish","format-standard","has-post-thumbnail","hentry","category-destacados","category-riobravo"],"_links":{"self":[{"href":"http:\/\/www.alertaciudadana.info\/index.php?rest_route=\/wp\/v2\/posts\/32707","targetHints":{"allow":["GET"]}}],"collection":[{"href":"http:\/\/www.alertaciudadana.info\/index.php?rest_route=\/wp\/v2\/posts"}],"about":[{"href":"http:\/\/www.alertaciudadana.info\/index.php?rest_route=\/wp\/v2\/types\/post"}],"author":[{"embeddable":true,"href":"http:\/\/www.alertaciudadana.info\/index.php?rest_route=\/wp\/v2\/users\/1"}],"replies":[{"embeddable":true,"href":"http:\/\/www.alertaciudadana.info\/index.php?rest_route=%2Fwp%2Fv2%2Fcomments&post=32707"}],"version-history":[{"count":1,"href":"http:\/\/www.alertaciudadana.info\/index.php?rest_route=\/wp\/v2\/posts\/32707\/revisions"}],"predecessor-version":[{"id":32710,"href":"http:\/\/www.alertaciudadana.info\/index.php?rest_route=\/wp\/v2\/posts\/32707\/revisions\/32710"}],"wp:featuredmedia":[{"embeddable":true,"href":"http:\/\/www.alertaciudadana.info\/index.php?rest_route=\/wp\/v2\/media\/32709"}],"wp:attachment":[{"href":"http:\/\/www.alertaciudadana.info\/index.php?rest_route=%2Fwp%2Fv2%2Fmedia&parent=32707"}],"wp:term":[{"taxonomy":"category","embeddable":true,"href":"http:\/\/www.alertaciudadana.info\/index.php?rest_route=%2Fwp%2Fv2%2Fcategories&post=32707"},{"taxonomy":"post_tag","embeddable":true,"href":"http:\/\/www.alertaciudadana.info\/index.php?rest_route=%2Fwp%2Fv2%2Ftags&post=32707"}],"curies":[{"name":"wp","href":"https:\/\/api.w.org\/{rel}","templated":true}]}}