{"id":31670,"date":"2018-10-11T15:34:39","date_gmt":"2018-10-11T15:34:39","guid":{"rendered":"http:\/\/www.alertaciudadana.info\/?p=31670"},"modified":"2018-10-11T15:34:39","modified_gmt":"2018-10-11T15:34:39","slug":"emiten-convocatoria-para-elegir-a-representantes-obrero-y-patronal-ante-jlcya-del-estado","status":"publish","type":"post","link":"http:\/\/www.alertaciudadana.info\/?p=31670","title":{"rendered":"Emiten convocatoria para elegir a representantes obrero y patronal, ante JLCyA del Estado"},"content":{"rendered":"<p><a href=\"http:\/\/www.alertaciudadana.info\/wp-content\/uploads\/2018\/10\/2-1.jpg\" rel=\"attachment wp-att-31671\"><img loading=\"lazy\" decoding=\"async\" class=\"alignnone size-full wp-image-31671\" src=\"http:\/\/www.alertaciudadana.info\/wp-content\/uploads\/2018\/10\/2-1.jpg\" alt=\"2\" width=\"1280\" height=\"944\" srcset=\"http:\/\/www.alertaciudadana.info\/wp-content\/uploads\/2018\/10\/2-1.jpg 1280w, http:\/\/www.alertaciudadana.info\/wp-content\/uploads\/2018\/10\/2-1-300x221.jpg 300w, http:\/\/www.alertaciudadana.info\/wp-content\/uploads\/2018\/10\/2-1-768x566.jpg 768w, http:\/\/www.alertaciudadana.info\/wp-content\/uploads\/2018\/10\/2-1-1024x755.jpg 1024w\" sizes=\"auto, (max-width: 1280px) 100vw, 1280px\" \/><\/a><\/p>\n<h3>El Gobernador Francisco Garc\u00eda Cabeza de Vaca, busca se d\u00e9 equilibrio y una mejor soluci\u00f3n a los conflictos laborales, conforme a lo que establece la Ley Federal del Trabajo.<\/h3>\n<h3>Ciudad Victoria, Tamaulipas.- El Gobierno del Estado a trav\u00e9s de la Secretar\u00eda del Trabajo, emiti\u00f3 el pasado 1 de octubre, la convocatoria de elecci\u00f3n para representantes ante la Junta Local de Conciliaci\u00f3n y Arbitraje del Estado de Tamaulipas.<\/h3>\n<h3>La dependencia estatal, invita a participar tanto a sindicatos de trabajadores y patrones as\u00ed como a trabajadores libres y patrones independientes de las diversas ramas: comercial, industrial y productiva, universidades e instituciones de educaci\u00f3n superior, aut\u00f3nomas por ley, que no son del \u00e1mbito federal, en el proceso de elecci\u00f3n de representantes obrero y patronal, a celebrarse mediante una convenci\u00f3n el d\u00eda mi\u00e9rcoles 5 de diciembre de 2018.<\/h3>\n<h3>Mar\u00eda Estela Chavira Mart\u00ednez, titular de la Secretar\u00eda del Trabajo, dijo que el Gobernador Francisco Garc\u00eda Cabeza de Vaca, busca se d\u00e9 equilibrio y una mejor soluci\u00f3n a los conflictos laborales, conforme a lo que establece la Ley Federal del Trabajo.<\/h3>\n<h3>Los involucrados participaran en una convenci\u00f3n para nombrar durante el periodo de 6 a\u00f1os, a partir del 1 de enero de 2019 al 31 de diciembre de 2024, a los representantes que conformaran cada una de las juntas del Estado; 8 dependientes de la Junta Local de Conciliaci\u00f3n y Arbitraje del Estado con residencia en Ciudad Victoria y 3 Especiales con residencia en el municipio de Tampico.<\/h3>\n<h3>La funcionaria explic\u00f3 que hasta el d\u00eda 20 de octubre se lleva a cabo el empadronamiento de los participantes, y ser\u00e1 el 15 de noviembre cuando se expidan las credenciales con derecho a votaci\u00f3n, posteriormente llevara a cabo el proceso de elecci\u00f3n de representantes.<\/h3>\n<h3>\u201cLa convocatoria, est\u00e1 publicada en el Peri\u00f3dico Oficial del Estado, y contempla bases en las que se se\u00f1ala el procedimiento a seguir durante la jornada\u201d, dijo Chavira Mart\u00ednez.<\/h3>\n<h3>Recalc\u00f3 que en caso de no concurrir ning\u00fan delegado o patr\u00f3n independiente a las convenciones o \u00e9stos no efect\u00faen la elecci\u00f3n de representante en la fecha estimada, se entender\u00e1 que las y los interesados delegan la facultad en la o el titular del Poder Ejecutivo del Estado.<\/h3>\n","protected":false},"excerpt":{"rendered":"<p>El Gobernador Francisco Garc\u00eda Cabeza de Vaca, busca se d\u00e9 equilibrio y una mejor soluci\u00f3n a los conflictos laborales, conforme&hellip;<\/p>\n","protected":false},"author":1,"featured_media":31672,"comment_status":"closed","ping_status":"closed","sticky":false,"template":"","format":"standard","meta":{"footnotes":""},"categories":[16,1],"tags":[],"class_list":["post-31670","post","type-post","status-publish","format-standard","has-post-thumbnail","hentry","category-ciudadvictoria","category-destacados"],"_links":{"self":[{"href":"http:\/\/www.alertaciudadana.info\/index.php?rest_route=\/wp\/v2\/posts\/31670","targetHints":{"allow":["GET"]}}],"collection":[{"href":"http:\/\/www.alertaciudadana.info\/index.php?rest_route=\/wp\/v2\/posts"}],"about":[{"href":"http:\/\/www.alertaciudadana.info\/index.php?rest_route=\/wp\/v2\/types\/post"}],"author":[{"embeddable":true,"href":"http:\/\/www.alertaciudadana.info\/index.php?rest_route=\/wp\/v2\/users\/1"}],"replies":[{"embeddable":true,"href":"http:\/\/www.alertaciudadana.info\/index.php?rest_route=%2Fwp%2Fv2%2Fcomments&post=31670"}],"version-history":[{"count":1,"href":"http:\/\/www.alertaciudadana.info\/index.php?rest_route=\/wp\/v2\/posts\/31670\/revisions"}],"predecessor-version":[{"id":31673,"href":"http:\/\/www.alertaciudadana.info\/index.php?rest_route=\/wp\/v2\/posts\/31670\/revisions\/31673"}],"wp:featuredmedia":[{"embeddable":true,"href":"http:\/\/www.alertaciudadana.info\/index.php?rest_route=\/wp\/v2\/media\/31672"}],"wp:attachment":[{"href":"http:\/\/www.alertaciudadana.info\/index.php?rest_route=%2Fwp%2Fv2%2Fmedia&parent=31670"}],"wp:term":[{"taxonomy":"category","embeddable":true,"href":"http:\/\/www.alertaciudadana.info\/index.php?rest_route=%2Fwp%2Fv2%2Fcategories&post=31670"},{"taxonomy":"post_tag","embeddable":true,"href":"http:\/\/www.alertaciudadana.info\/index.php?rest_route=%2Fwp%2Fv2%2Ftags&post=31670"}],"curies":[{"name":"wp","href":"https:\/\/api.w.org\/{rel}","templated":true}]}}