{"id":31186,"date":"2018-09-26T19:13:45","date_gmt":"2018-09-26T19:13:45","guid":{"rendered":"http:\/\/www.alertaciudadana.info\/?p=31186"},"modified":"2018-09-26T19:13:45","modified_gmt":"2018-09-26T19:13:45","slug":"crece-violencia-en-mexico-por-crimen-organizado","status":"publish","type":"post","link":"http:\/\/www.alertaciudadana.info\/?p=31186","title":{"rendered":"Crece violencia en Mexico por crimen organizado"},"content":{"rendered":"<figure id=\"attachment_31187\" aria-describedby=\"caption-attachment-31187\" style=\"width: 2500px\" class=\"wp-caption alignnone\"><a href=\"http:\/\/www.alertaciudadana.info\/wp-content\/uploads\/2018\/09\/1A.jpg\" rel=\"attachment wp-att-31187\"><img loading=\"lazy\" decoding=\"async\" class=\"size-full wp-image-31187\" src=\"http:\/\/www.alertaciudadana.info\/wp-content\/uploads\/2018\/09\/1A.jpg\" alt=\"31022084. M\u00e9xico, DF.- El secretario de Gobernaci\u00f3n, Miguel \u00c1ngel Osorio Chong anunci\u00f3 en conferencia de prensa  que el presidente Enrique Pe\u00f1a Nieto orden\u00f3 una investigaci\u00f3n para determinar si hubo personas o funcionarios que colaboraran con el presunto espionaje que realiz\u00f3 Estados Unidos. NOTIMEX\/FOTO\/CARLOS PEREDA MUCI\u00d1O\/CPM\/POL\/\" width=\"2500\" height=\"1420\" srcset=\"http:\/\/www.alertaciudadana.info\/wp-content\/uploads\/2018\/09\/1A.jpg 2500w, http:\/\/www.alertaciudadana.info\/wp-content\/uploads\/2018\/09\/1A-300x170.jpg 300w, http:\/\/www.alertaciudadana.info\/wp-content\/uploads\/2018\/09\/1A-768x436.jpg 768w, http:\/\/www.alertaciudadana.info\/wp-content\/uploads\/2018\/09\/1A-1024x582.jpg 1024w\" sizes=\"auto, (max-width: 2500px) 100vw, 2500px\" \/><\/a><figcaption id=\"caption-attachment-31187\" class=\"wp-caption-text\">31022084. M\u00e9xico, DF.- El secretario de Gobernaci\u00f3n, Miguel \u00c1ngel Osorio Chong anunci\u00f3 en conferencia de prensa que el presidente Enrique Pe\u00f1a Nieto orden\u00f3 una investigaci\u00f3n para determinar si hubo personas o funcionarios que colaboraran con el presunto espionaje que realiz\u00f3 Estados Unidos. NOTIMEX\/FOTO\/CARLOS PEREDA MUCI\u00d1O\/CPM\/POL\/<\/figcaption><\/figure>\n<h3>Javier Izaguirre Nacional.-La violencia en las ultimas fechas se a recrudecido ya que en todo el pa\u00eds el numero de muertos ha ido creciendo, tales son los casos de muertos en ciudad Ju\u00e1rez chihuahua, Sinaloa, Durango, distrito federal, Tamaulipas, baja california, entre otros estados, de M\u00e9xico, a la fecha el numero de muertos se a elevado considerablemente, en lugares donde antes la violencia aun no imperaba.<\/h3>\n<h3>Cabe mencionar que en Tamaulipas es donde se considera como zona caliente por parte de las autoridades, ya que en este estado las desapariciones de personas, se a dado en un alto \u00edndice de hasta un 40% desde mujeres, hombres, y menores de edad que en ocasiones son relacionados con el crimen organizado cosa que ya es com\u00fan para no batallar las autoridades en investigar los hechos de violencia que sacuden al pa\u00eds.<\/h3>\n<h3>Por su parte el aun presidente de MEXICO, Enrique Pe\u00f1a Nieto ha mencionado que han bajado los \u00edndices de violencia en el territorio Mexicano, cosa que al parecer ni enterado esta de lo que sucede ya que el numero de muertos y desaparecidos va en aument\u00f3.<\/h3>\n","protected":false},"excerpt":{"rendered":"<p>Javier Izaguirre Nacional.-La violencia en las ultimas fechas se a recrudecido ya que en todo el pa\u00eds el numero de&hellip;<\/p>\n","protected":false},"author":1,"featured_media":31187,"comment_status":"closed","ping_status":"closed","sticky":false,"template":"","format":"standard","meta":{"footnotes":""},"categories":[1,5],"tags":[],"class_list":["post-31186","post","type-post","status-publish","format-standard","has-post-thumbnail","hentry","category-destacados","category-nacional"],"_links":{"self":[{"href":"http:\/\/www.alertaciudadana.info\/index.php?rest_route=\/wp\/v2\/posts\/31186","targetHints":{"allow":["GET"]}}],"collection":[{"href":"http:\/\/www.alertaciudadana.info\/index.php?rest_route=\/wp\/v2\/posts"}],"about":[{"href":"http:\/\/www.alertaciudadana.info\/index.php?rest_route=\/wp\/v2\/types\/post"}],"author":[{"embeddable":true,"href":"http:\/\/www.alertaciudadana.info\/index.php?rest_route=\/wp\/v2\/users\/1"}],"replies":[{"embeddable":true,"href":"http:\/\/www.alertaciudadana.info\/index.php?rest_route=%2Fwp%2Fv2%2Fcomments&post=31186"}],"version-history":[{"count":1,"href":"http:\/\/www.alertaciudadana.info\/index.php?rest_route=\/wp\/v2\/posts\/31186\/revisions"}],"predecessor-version":[{"id":31188,"href":"http:\/\/www.alertaciudadana.info\/index.php?rest_route=\/wp\/v2\/posts\/31186\/revisions\/31188"}],"wp:featuredmedia":[{"embeddable":true,"href":"http:\/\/www.alertaciudadana.info\/index.php?rest_route=\/wp\/v2\/media\/31187"}],"wp:attachment":[{"href":"http:\/\/www.alertaciudadana.info\/index.php?rest_route=%2Fwp%2Fv2%2Fmedia&parent=31186"}],"wp:term":[{"taxonomy":"category","embeddable":true,"href":"http:\/\/www.alertaciudadana.info\/index.php?rest_route=%2Fwp%2Fv2%2Fcategories&post=31186"},{"taxonomy":"post_tag","embeddable":true,"href":"http:\/\/www.alertaciudadana.info\/index.php?rest_route=%2Fwp%2Fv2%2Ftags&post=31186"}],"curies":[{"name":"wp","href":"https:\/\/api.w.org\/{rel}","templated":true}]}}