{"id":31172,"date":"2018-09-26T15:47:53","date_gmt":"2018-09-26T15:47:53","guid":{"rendered":"http:\/\/www.alertaciudadana.info\/?p=31172"},"modified":"2018-09-26T15:47:53","modified_gmt":"2018-09-26T15:47:53","slug":"ofrecen-trabajo-a-personas-con-discapacidades","status":"publish","type":"post","link":"http:\/\/www.alertaciudadana.info\/?p=31172","title":{"rendered":"Ofrecen trabajo a personas con discapacidades"},"content":{"rendered":"<h3><a href=\"http:\/\/www.alertaciudadana.info\/wp-content\/uploads\/2018\/09\/1-2.jpg\" rel=\"attachment wp-att-31173\"><img loading=\"lazy\" decoding=\"async\" class=\"alignnone size-full wp-image-31173\" src=\"http:\/\/www.alertaciudadana.info\/wp-content\/uploads\/2018\/09\/1-2.jpg\" alt=\"1\" width=\"1280\" height=\"960\" srcset=\"http:\/\/www.alertaciudadana.info\/wp-content\/uploads\/2018\/09\/1-2.jpg 1280w, http:\/\/www.alertaciudadana.info\/wp-content\/uploads\/2018\/09\/1-2-300x225.jpg 300w, http:\/\/www.alertaciudadana.info\/wp-content\/uploads\/2018\/09\/1-2-768x576.jpg 768w, http:\/\/www.alertaciudadana.info\/wp-content\/uploads\/2018\/09\/1-2-1024x768.jpg 1024w\" sizes=\"auto, (max-width: 1280px) 100vw, 1280px\" \/><\/a> <a href=\"http:\/\/www.alertaciudadana.info\/wp-content\/uploads\/2018\/09\/2-2.jpg\" rel=\"attachment wp-att-31174\"><img loading=\"lazy\" decoding=\"async\" class=\"alignnone size-full wp-image-31174\" src=\"http:\/\/www.alertaciudadana.info\/wp-content\/uploads\/2018\/09\/2-2.jpg\" alt=\"2\" width=\"1280\" height=\"853\" srcset=\"http:\/\/www.alertaciudadana.info\/wp-content\/uploads\/2018\/09\/2-2.jpg 1280w, http:\/\/www.alertaciudadana.info\/wp-content\/uploads\/2018\/09\/2-2-300x200.jpg 300w, http:\/\/www.alertaciudadana.info\/wp-content\/uploads\/2018\/09\/2-2-768x512.jpg 768w, http:\/\/www.alertaciudadana.info\/wp-content\/uploads\/2018\/09\/2-2-1024x682.jpg 1024w\" sizes=\"auto, (max-width: 1280px) 100vw, 1280px\" \/><\/a> <a href=\"http:\/\/www.alertaciudadana.info\/wp-content\/uploads\/2018\/09\/4-2.jpg\" rel=\"attachment wp-att-31176\"><img loading=\"lazy\" decoding=\"async\" class=\"alignnone size-full wp-image-31176\" src=\"http:\/\/www.alertaciudadana.info\/wp-content\/uploads\/2018\/09\/4-2.jpg\" alt=\"4\" width=\"1280\" height=\"960\" srcset=\"http:\/\/www.alertaciudadana.info\/wp-content\/uploads\/2018\/09\/4-2.jpg 1280w, http:\/\/www.alertaciudadana.info\/wp-content\/uploads\/2018\/09\/4-2-300x225.jpg 300w, http:\/\/www.alertaciudadana.info\/wp-content\/uploads\/2018\/09\/4-2-768x576.jpg 768w, http:\/\/www.alertaciudadana.info\/wp-content\/uploads\/2018\/09\/4-2-1024x768.jpg 1024w\" sizes=\"auto, (max-width: 1280px) 100vw, 1280px\" \/><\/a><\/h3>\n<h3>\u201cPretendemos acortar las dificultades que enfrentan las personas vulnerables, sobre todo para ingresar al mercado laboral, el Gobernador Francisco Garc\u00eda Cabeza de Vaca, nos ha instruido brindar todas las atenciones a cada una de ellas, para que tengan mejores condiciones de vida\u201d.<\/h3>\n<h3>Ciudad Victoria, Tamaulipas.- Mediante la estrategia Abriendo Espacios, que opera la<\/h3>\n<h3>Secretar\u00eda del Trabajo, en coordinaci\u00f3n con el Servicio Nacional de Empleo Tamaulipas, el Gobierno del Estado sigue brindando oportunidades laborales a los adultos mayores o quienes padecen alguna discapacidad.<\/h3>\n<h3>Mar\u00eda Estela Chavira Mart\u00ednez, titular de la dependencia estatal, dijo que en lo que va del 2018, el SNET a trav\u00e9s de sus siete unidades regionales, ha brindado atenci\u00f3n a mil 105 personas vulnerables, logrando colocar a 338 personas buscadoras de empleo.<\/h3>\n<h3>\u201cPretendemos acortar las dificultades que enfrentan las personas vulnerables, sobre todo para ingresar al mercado laboral, el Gobernador Francisco Garc\u00eda Cabeza de Vaca, nos ha instruido brindar todas las atenciones a cada una de ellas, para que tengan mejores condiciones de vida\u201d.<\/h3>\n<h3>La funcionaria argument\u00f3, que ha sido con la participaci\u00f3n del sector empresarial, que el SNET mantiene una oferta de 142 vacantes con 870 plazas, que van desde operador de producci\u00f3n, ingeniero de calidad, despachador de gasolina, agente de ventas, guardias de seguridad, vendedor de cr\u00e9ditos, atenci\u00f3n a clientes entre otras m\u00e1s.<\/h3>\n<h3>\u201cEn la Secretar\u00eda del Trabajo, llevamos a cabo acciones para la integraci\u00f3n laboral de las personas, desde orientaci\u00f3n y capacitaci\u00f3n, Ferias de Empleo dedicadas a este sector, otorgamos becas de capacitaci\u00f3n o equipo y herramienta a trav\u00e9s del Subprograma Fomento al Autoempleo\u201d.<\/h3>\n<h3>Chavira Mart\u00ednez explic\u00f3, que el gobierno promueve beneficios, tales como est\u00edmulos fiscales, a empresas que contratan a personas vulnerables, y son participes a distintivos.<\/h3>\n<h3>Aclar\u00f3 que el Gobernador mantiene su compromiso de generar en materia de empleo, oportunidades para todos los tamaulipecos, y asegur\u00f3 que los adultos mayores y discapacitados, cuentan con potencial humano valioso y con responsabilidad social.<\/h3>\n","protected":false},"excerpt":{"rendered":"<p>\u201cPretendemos acortar las dificultades que enfrentan las personas vulnerables, sobre todo para ingresar al mercado laboral, el Gobernador Francisco Garc\u00eda&hellip;<\/p>\n","protected":false},"author":1,"featured_media":31175,"comment_status":"closed","ping_status":"closed","sticky":false,"template":"","format":"standard","meta":{"footnotes":""},"categories":[16,1],"tags":[],"class_list":["post-31172","post","type-post","status-publish","format-standard","has-post-thumbnail","hentry","category-ciudadvictoria","category-destacados"],"_links":{"self":[{"href":"http:\/\/www.alertaciudadana.info\/index.php?rest_route=\/wp\/v2\/posts\/31172","targetHints":{"allow":["GET"]}}],"collection":[{"href":"http:\/\/www.alertaciudadana.info\/index.php?rest_route=\/wp\/v2\/posts"}],"about":[{"href":"http:\/\/www.alertaciudadana.info\/index.php?rest_route=\/wp\/v2\/types\/post"}],"author":[{"embeddable":true,"href":"http:\/\/www.alertaciudadana.info\/index.php?rest_route=\/wp\/v2\/users\/1"}],"replies":[{"embeddable":true,"href":"http:\/\/www.alertaciudadana.info\/index.php?rest_route=%2Fwp%2Fv2%2Fcomments&post=31172"}],"version-history":[{"count":1,"href":"http:\/\/www.alertaciudadana.info\/index.php?rest_route=\/wp\/v2\/posts\/31172\/revisions"}],"predecessor-version":[{"id":31177,"href":"http:\/\/www.alertaciudadana.info\/index.php?rest_route=\/wp\/v2\/posts\/31172\/revisions\/31177"}],"wp:featuredmedia":[{"embeddable":true,"href":"http:\/\/www.alertaciudadana.info\/index.php?rest_route=\/wp\/v2\/media\/31175"}],"wp:attachment":[{"href":"http:\/\/www.alertaciudadana.info\/index.php?rest_route=%2Fwp%2Fv2%2Fmedia&parent=31172"}],"wp:term":[{"taxonomy":"category","embeddable":true,"href":"http:\/\/www.alertaciudadana.info\/index.php?rest_route=%2Fwp%2Fv2%2Fcategories&post=31172"},{"taxonomy":"post_tag","embeddable":true,"href":"http:\/\/www.alertaciudadana.info\/index.php?rest_route=%2Fwp%2Fv2%2Ftags&post=31172"}],"curies":[{"name":"wp","href":"https:\/\/api.w.org\/{rel}","templated":true}]}}