{"id":31168,"date":"2018-09-26T15:44:17","date_gmt":"2018-09-26T15:44:17","guid":{"rendered":"http:\/\/www.alertaciudadana.info\/?p=31168"},"modified":"2018-09-26T15:44:17","modified_gmt":"2018-09-26T15:44:17","slug":"mil-ochocientas-vacantes-en-la-1a-feria-de-empleo-matamoros-2018","status":"publish","type":"post","link":"http:\/\/www.alertaciudadana.info\/?p=31168","title":{"rendered":"Mil ochocientas vacantes, en la 1\u00aa Feria de Empleo Matamoros 2018"},"content":{"rendered":"<h3><a href=\"http:\/\/www.alertaciudadana.info\/wp-content\/uploads\/2018\/09\/feria.jpg\" rel=\"attachment wp-att-31169\"><img loading=\"lazy\" decoding=\"async\" class=\"alignnone size-full wp-image-31169\" src=\"http:\/\/www.alertaciudadana.info\/wp-content\/uploads\/2018\/09\/feria.jpg\" alt=\"feria\" width=\"1280\" height=\"853\" srcset=\"http:\/\/www.alertaciudadana.info\/wp-content\/uploads\/2018\/09\/feria.jpg 1280w, http:\/\/www.alertaciudadana.info\/wp-content\/uploads\/2018\/09\/feria-300x200.jpg 300w, http:\/\/www.alertaciudadana.info\/wp-content\/uploads\/2018\/09\/feria-768x512.jpg 768w, http:\/\/www.alertaciudadana.info\/wp-content\/uploads\/2018\/09\/feria-1024x682.jpg 1024w\" sizes=\"auto, (max-width: 1280px) 100vw, 1280px\" \/><\/a><\/h3>\n<h3>\u201cEl Gobernador Francisco Garc\u00eda Cabeza de Vaca, pretende que el trabajo sea uno de los factores que permita a los tamaulipecos, llegar al tan elevado estado de bienestar, desarrollo profesional y personal\u201d.<\/h3>\n<h3>Matamoros, Tamaulipas.- M\u00e1s de mil 800 vacantes fueron ofertadas por m\u00e1s de 120 empresas, en la Primera Feria de Empleo Matamoros 2018, efectuada por el Gobierno del Estado.<\/h3>\n<h3>La Secretar\u00eda del Trabajo, mediante el Servicio Nacional de Empleo Tamaulipas, logr\u00f3 concentrar a m\u00e1s de 900 personas en el Sal\u00f3n Cantera, de una reconocida cadena hotelera.<\/h3>\n<h3>Mar\u00eda Estela Chavira Mart\u00ednez, titular de la dependencia estatal, dijo que los logros alcanzados en materia de empleo, son resultado de la suma de esfuerzos y el trabajo coordinado entre sociedad y gobierno.<\/h3>\n<h3>\u201cEl Gobernador Francisco Garc\u00eda Cabeza de Vaca, pretende que el trabajo sea uno de los factores que permita a los tamaulipecos, llegar al tan elevado estado de bienestar, desarrollo profesional y personal\u201d.<\/h3>\n<h3>Argument\u00f3 que con el impulso a la generaci\u00f3n de empleo, se han superado expectativas trazadas, para que trabajadores encuentren un lugar en el sector productivo.<\/h3>\n<h3>En el evento, el delegado federal de la STPS, Rodrigo Mario Stolberg Hinojosa, indic\u00f3 que en Tamaulipas, Matamoros destaca como uno los principales generadores de empleo, y por su mano de obra e infraestructura, se convierte en un gran atractivo para la inversi\u00f3n nacional y extranjera.<\/h3>\n<h3>\u201cEstas acciones fortalecen el aspecto social y econ\u00f3mico del estado, e impulsan la generaci\u00f3n de empleos para que m\u00e1s tamaulipecos tengan acceso a una mejor calidad de vida\u201d.<\/h3>\n<h3>Por su parte, el representante del Gobernador del Estado Zona Norte, Francisco Javier Garza de Coss, puntualiz\u00f3 que con las Ferias de Empleo, los asistentes tienen la posibilidad de un empleo formal y permanente, que brinde prestaciones de ley y respeto a los derechos de los trabajadores.<\/h3>\n<h3>En la 1\u00aa Feria de Empleo, Chavira Mart\u00ednez, expuso que Matamoros es la h\u00e9lice del desarrollo industrial, y ciudad donde convergen hombres y mujeres con vocaci\u00f3n de servicio, y que luchan por que sus familias tengan mejores condiciones de vida.<\/h3>\n<h3>Dej\u00f3 de manifiesto, que a\u00fan se siguen redoblando esfuerzos, para tener mejores resultados, pero sobre todo para lograr la paz y tranquilidad laboral para los tamaulipecos.<\/h3>\n","protected":false},"excerpt":{"rendered":"<p>\u201cEl Gobernador Francisco Garc\u00eda Cabeza de Vaca, pretende que el trabajo sea uno de los factores que permita a los&hellip;<\/p>\n","protected":false},"author":1,"featured_media":31170,"comment_status":"closed","ping_status":"closed","sticky":false,"template":"","format":"standard","meta":{"footnotes":""},"categories":[1,13],"tags":[],"class_list":["post-31168","post","type-post","status-publish","format-standard","has-post-thumbnail","hentry","category-destacados","category-matamoros"],"_links":{"self":[{"href":"http:\/\/www.alertaciudadana.info\/index.php?rest_route=\/wp\/v2\/posts\/31168","targetHints":{"allow":["GET"]}}],"collection":[{"href":"http:\/\/www.alertaciudadana.info\/index.php?rest_route=\/wp\/v2\/posts"}],"about":[{"href":"http:\/\/www.alertaciudadana.info\/index.php?rest_route=\/wp\/v2\/types\/post"}],"author":[{"embeddable":true,"href":"http:\/\/www.alertaciudadana.info\/index.php?rest_route=\/wp\/v2\/users\/1"}],"replies":[{"embeddable":true,"href":"http:\/\/www.alertaciudadana.info\/index.php?rest_route=%2Fwp%2Fv2%2Fcomments&post=31168"}],"version-history":[{"count":1,"href":"http:\/\/www.alertaciudadana.info\/index.php?rest_route=\/wp\/v2\/posts\/31168\/revisions"}],"predecessor-version":[{"id":31171,"href":"http:\/\/www.alertaciudadana.info\/index.php?rest_route=\/wp\/v2\/posts\/31168\/revisions\/31171"}],"wp:featuredmedia":[{"embeddable":true,"href":"http:\/\/www.alertaciudadana.info\/index.php?rest_route=\/wp\/v2\/media\/31170"}],"wp:attachment":[{"href":"http:\/\/www.alertaciudadana.info\/index.php?rest_route=%2Fwp%2Fv2%2Fmedia&parent=31168"}],"wp:term":[{"taxonomy":"category","embeddable":true,"href":"http:\/\/www.alertaciudadana.info\/index.php?rest_route=%2Fwp%2Fv2%2Fcategories&post=31168"},{"taxonomy":"post_tag","embeddable":true,"href":"http:\/\/www.alertaciudadana.info\/index.php?rest_route=%2Fwp%2Fv2%2Ftags&post=31168"}],"curies":[{"name":"wp","href":"https:\/\/api.w.org\/{rel}","templated":true}]}}