{"id":30262,"date":"2018-08-29T19:03:50","date_gmt":"2018-08-29T19:03:50","guid":{"rendered":"http:\/\/www.alertaciudadana.info\/?p=30262"},"modified":"2018-08-30T16:43:35","modified_gmt":"2018-08-30T16:43:35","slug":"festejan-a-abuelitos-con-feria-de-salud","status":"publish","type":"post","link":"http:\/\/www.alertaciudadana.info\/?p=30262","title":{"rendered":"Festejan a abuelitos con Feria de Salud"},"content":{"rendered":"<p><a href=\"http:\/\/www.alertaciudadana.info\/wp-content\/uploads\/2018\/08\/WaterMark_2018-08-29-13-42-04.jpg\" rel=\"attachment wp-att-30258\"><img loading=\"lazy\" decoding=\"async\" class=\"alignnone size-medium wp-image-30258\" src=\"http:\/\/www.alertaciudadana.info\/wp-content\/uploads\/2018\/08\/WaterMark_2018-08-29-13-42-04-300x225.jpg\" alt=\"WaterMark_2018-08-29-13-42-04\" width=\"300\" height=\"225\" srcset=\"http:\/\/www.alertaciudadana.info\/wp-content\/uploads\/2018\/08\/WaterMark_2018-08-29-13-42-04-300x225.jpg 300w, http:\/\/www.alertaciudadana.info\/wp-content\/uploads\/2018\/08\/WaterMark_2018-08-29-13-42-04-768x576.jpg 768w, http:\/\/www.alertaciudadana.info\/wp-content\/uploads\/2018\/08\/WaterMark_2018-08-29-13-42-04-1024x768.jpg 1024w, http:\/\/www.alertaciudadana.info\/wp-content\/uploads\/2018\/08\/WaterMark_2018-08-29-13-42-04.jpg 1080w\" sizes=\"auto, (max-width: 300px) 100vw, 300px\" \/><\/a><a href=\"http:\/\/www.alertaciudadana.info\/wp-content\/uploads\/2018\/08\/WaterMark_2018-08-29-13-42-19.jpg\" rel=\"attachment wp-att-30257\"><img loading=\"lazy\" decoding=\"async\" class=\"alignnone size-medium wp-image-30257\" src=\"http:\/\/www.alertaciudadana.info\/wp-content\/uploads\/2018\/08\/WaterMark_2018-08-29-13-42-19-300x225.jpg\" alt=\"WaterMark_2018-08-29-13-42-19\" width=\"300\" height=\"225\" srcset=\"http:\/\/www.alertaciudadana.info\/wp-content\/uploads\/2018\/08\/WaterMark_2018-08-29-13-42-19-300x225.jpg 300w, http:\/\/www.alertaciudadana.info\/wp-content\/uploads\/2018\/08\/WaterMark_2018-08-29-13-42-19-768x576.jpg 768w, http:\/\/www.alertaciudadana.info\/wp-content\/uploads\/2018\/08\/WaterMark_2018-08-29-13-42-19-1024x768.jpg 1024w, http:\/\/www.alertaciudadana.info\/wp-content\/uploads\/2018\/08\/WaterMark_2018-08-29-13-42-19.jpg 1080w\" sizes=\"auto, (max-width: 300px) 100vw, 300px\" \/><\/a><\/p>\n<p>29\/08\/2018<\/p>\n<p>Edith Jimenez<\/p>\n<h3>Reynosa, Tam.-Abuelitos de Reynosa disfrutaron de un evento organizado por el Sistema de Desarrollo Integral de la Familia y del Gobierno Municipal, donde m\u00e1s de Mil adultos mayores se beneficiaron con examenes medicos, aparatos funcionales, consultas nutricionales y generales, adem\u00e1s de una rifa.<\/h3>\n<h3>El evento fue encabezado por el Alcalde sustituto, Jos\u00e9 Alfonso Pe\u00f1a Rodriguez, quien en su mensaje felicito a los abuelitos, adem\u00e1s de recalcar que es prioridad del Municipio apoyarlos y mejorar su calidad de vida.<\/h3>\n<h3>\u00abUstedes nos han ense\u00f1ado el camino por el cual debemos andar para hacer bien las cosas, ustedes nos inspiran a ser buen gobierno y hacer politicas publicas que ayuden a todos los grupos y a los mas vulnerables estar cerca de ellos\u00bb.<\/h3>\n","protected":false},"excerpt":{"rendered":"<p>29\/08\/2018 Edith Jimenez Reynosa, Tam.-Abuelitos de Reynosa disfrutaron de un evento organizado por el Sistema de Desarrollo Integral de la&hellip;<\/p>\n","protected":false},"author":1,"featured_media":30257,"comment_status":"closed","ping_status":"closed","sticky":false,"template":"","format":"standard","meta":{"footnotes":""},"categories":[1,2],"tags":[],"class_list":["post-30262","post","type-post","status-publish","format-standard","has-post-thumbnail","hentry","category-destacados","category-reynosa"],"_links":{"self":[{"href":"http:\/\/www.alertaciudadana.info\/index.php?rest_route=\/wp\/v2\/posts\/30262","targetHints":{"allow":["GET"]}}],"collection":[{"href":"http:\/\/www.alertaciudadana.info\/index.php?rest_route=\/wp\/v2\/posts"}],"about":[{"href":"http:\/\/www.alertaciudadana.info\/index.php?rest_route=\/wp\/v2\/types\/post"}],"author":[{"embeddable":true,"href":"http:\/\/www.alertaciudadana.info\/index.php?rest_route=\/wp\/v2\/users\/1"}],"replies":[{"embeddable":true,"href":"http:\/\/www.alertaciudadana.info\/index.php?rest_route=%2Fwp%2Fv2%2Fcomments&post=30262"}],"version-history":[{"count":5,"href":"http:\/\/www.alertaciudadana.info\/index.php?rest_route=\/wp\/v2\/posts\/30262\/revisions"}],"predecessor-version":[{"id":30297,"href":"http:\/\/www.alertaciudadana.info\/index.php?rest_route=\/wp\/v2\/posts\/30262\/revisions\/30297"}],"wp:featuredmedia":[{"embeddable":true,"href":"http:\/\/www.alertaciudadana.info\/index.php?rest_route=\/wp\/v2\/media\/30257"}],"wp:attachment":[{"href":"http:\/\/www.alertaciudadana.info\/index.php?rest_route=%2Fwp%2Fv2%2Fmedia&parent=30262"}],"wp:term":[{"taxonomy":"category","embeddable":true,"href":"http:\/\/www.alertaciudadana.info\/index.php?rest_route=%2Fwp%2Fv2%2Fcategories&post=30262"},{"taxonomy":"post_tag","embeddable":true,"href":"http:\/\/www.alertaciudadana.info\/index.php?rest_route=%2Fwp%2Fv2%2Ftags&post=30262"}],"curies":[{"name":"wp","href":"https:\/\/api.w.org\/{rel}","templated":true}]}}