{"id":30240,"date":"2018-08-29T02:39:14","date_gmt":"2018-08-29T02:39:14","guid":{"rendered":"http:\/\/www.alertaciudadana.info\/?p=30240"},"modified":"2018-08-29T02:45:03","modified_gmt":"2018-08-29T02:45:03","slug":"tamaulipas-tierra-de-oportunidades-gobernador","status":"publish","type":"post","link":"http:\/\/www.alertaciudadana.info\/?p=30240","title":{"rendered":"Tamaulipas, tierra de oportunidades: Gobernador"},"content":{"rendered":"<p><a href=\"http:\/\/www.alertaciudadana.info\/wp-content\/uploads\/2018\/08\/WaterMark_2018-08-28-21-24-01.jpeg\" rel=\"attachment wp-att-30241\"><img loading=\"lazy\" decoding=\"async\" class=\"alignnone size-medium wp-image-30241\" src=\"http:\/\/www.alertaciudadana.info\/wp-content\/uploads\/2018\/08\/WaterMark_2018-08-28-21-24-01-300x169.jpeg\" alt=\"WaterMark_2018-08-28-21-24-01\" width=\"300\" height=\"169\" srcset=\"http:\/\/www.alertaciudadana.info\/wp-content\/uploads\/2018\/08\/WaterMark_2018-08-28-21-24-01-300x169.jpeg 300w, http:\/\/www.alertaciudadana.info\/wp-content\/uploads\/2018\/08\/WaterMark_2018-08-28-21-24-01-768x432.jpeg 768w, http:\/\/www.alertaciudadana.info\/wp-content\/uploads\/2018\/08\/WaterMark_2018-08-28-21-24-01-1024x576.jpeg 1024w, http:\/\/www.alertaciudadana.info\/wp-content\/uploads\/2018\/08\/WaterMark_2018-08-28-21-24-01.jpeg 1080w\" sizes=\"auto, (max-width: 300px) 100vw, 300px\" \/><\/a> <a href=\"http:\/\/www.alertaciudadana.info\/wp-content\/uploads\/2018\/08\/WaterMark_2018-08-28-21-23-37.jpeg\" rel=\"attachment wp-att-30242\"><img loading=\"lazy\" decoding=\"async\" class=\"alignnone size-medium wp-image-30242\" src=\"http:\/\/www.alertaciudadana.info\/wp-content\/uploads\/2018\/08\/WaterMark_2018-08-28-21-23-37-300x169.jpeg\" alt=\"WaterMark_2018-08-28-21-23-37\" width=\"300\" height=\"169\" srcset=\"http:\/\/www.alertaciudadana.info\/wp-content\/uploads\/2018\/08\/WaterMark_2018-08-28-21-23-37-300x169.jpeg 300w, http:\/\/www.alertaciudadana.info\/wp-content\/uploads\/2018\/08\/WaterMark_2018-08-28-21-23-37-768x432.jpeg 768w, http:\/\/www.alertaciudadana.info\/wp-content\/uploads\/2018\/08\/WaterMark_2018-08-28-21-23-37-1024x576.jpeg 1024w, http:\/\/www.alertaciudadana.info\/wp-content\/uploads\/2018\/08\/WaterMark_2018-08-28-21-23-37.jpeg 1080w\" sizes=\"auto, (max-width: 300px) 100vw, 300px\" \/><\/a><\/p>\n<h3>28\/Agosto\/2018<\/h3>\n<h3>Edith Jimenez<\/h3>\n<h3>Reynosa, Tam.- El Gobernador Francisco Javier Garc\u00eda Cabeza de Vaca en su recorrido por el Estado con el Embajador de China en M\u00e9xico, Qiu Xiaoqi, visitaron Reynosa, acompa\u00f1ados de una delegaci\u00f3n de empresarios del pa\u00eds asi\u00e1tico, con el fin de conocer las ventajas competitivas que se tienen en Tamaulipas.<\/h3>\n<h3>Se\u00f1alanado el Jefe del Ejecutivo Estatal, que la Republica Popular de China tiene gran interes de trabajar con Tamaulipas, destacando a nivel Mudial.<\/h3>\n<h3>\u00abNos damos cuenta que muchos otros pa\u00edses en el mundo estan volteando a ver a nuestro Estado, lo han visto como una tierra de oportunidades, como el Estado energetico por excelencia, ya hay inversiones importantes de China en Tamaulipas&#8230;\u00bb.<\/h3>\n<h3>Por su parte Qiu Xiaoqi, Embajador de China en M\u00e9xico, expres\u00f3 su agradecimiento y la hospitalidad de los Tamaulipecos, refiriendo que hay grandes tranformaciones en el Estado.<\/h3>\n<h3>\u00abTenemos una gran impresion del Estado, se trata de una tierra muy dinamica, entusiasta, en lograr cambios\u00a0 en distintos terrenos y nosotros venimos con una gran disposici\u00f3n de estrechar la cooperaci\u00f3n entre nosotros, M\u00e9xico es nuestro socio m\u00e1s importante en America Latina\u00bb.<\/h3>\n<h3><\/h3>\n<p>&nbsp;<\/p>\n","protected":false},"excerpt":{"rendered":"<p>28\/Agosto\/2018 Edith Jimenez Reynosa, Tam.- El Gobernador Francisco Javier Garc\u00eda Cabeza de Vaca en su recorrido por el Estado con&hellip;<\/p>\n","protected":false},"author":1,"featured_media":30242,"comment_status":"closed","ping_status":"closed","sticky":false,"template":"","format":"standard","meta":{"footnotes":""},"categories":[1,4],"tags":[],"class_list":["post-30240","post","type-post","status-publish","format-standard","has-post-thumbnail","hentry","category-destacados","category-tamaulipas"],"_links":{"self":[{"href":"http:\/\/www.alertaciudadana.info\/index.php?rest_route=\/wp\/v2\/posts\/30240","targetHints":{"allow":["GET"]}}],"collection":[{"href":"http:\/\/www.alertaciudadana.info\/index.php?rest_route=\/wp\/v2\/posts"}],"about":[{"href":"http:\/\/www.alertaciudadana.info\/index.php?rest_route=\/wp\/v2\/types\/post"}],"author":[{"embeddable":true,"href":"http:\/\/www.alertaciudadana.info\/index.php?rest_route=\/wp\/v2\/users\/1"}],"replies":[{"embeddable":true,"href":"http:\/\/www.alertaciudadana.info\/index.php?rest_route=%2Fwp%2Fv2%2Fcomments&post=30240"}],"version-history":[{"count":5,"href":"http:\/\/www.alertaciudadana.info\/index.php?rest_route=\/wp\/v2\/posts\/30240\/revisions"}],"predecessor-version":[{"id":30248,"href":"http:\/\/www.alertaciudadana.info\/index.php?rest_route=\/wp\/v2\/posts\/30240\/revisions\/30248"}],"wp:featuredmedia":[{"embeddable":true,"href":"http:\/\/www.alertaciudadana.info\/index.php?rest_route=\/wp\/v2\/media\/30242"}],"wp:attachment":[{"href":"http:\/\/www.alertaciudadana.info\/index.php?rest_route=%2Fwp%2Fv2%2Fmedia&parent=30240"}],"wp:term":[{"taxonomy":"category","embeddable":true,"href":"http:\/\/www.alertaciudadana.info\/index.php?rest_route=%2Fwp%2Fv2%2Fcategories&post=30240"},{"taxonomy":"post_tag","embeddable":true,"href":"http:\/\/www.alertaciudadana.info\/index.php?rest_route=%2Fwp%2Fv2%2Ftags&post=30240"}],"curies":[{"name":"wp","href":"https:\/\/api.w.org\/{rel}","templated":true}]}}