{"id":30230,"date":"2018-08-28T21:59:56","date_gmt":"2018-08-28T21:59:56","guid":{"rendered":"http:\/\/www.alertaciudadana.info\/?p=30230"},"modified":"2018-08-28T21:59:56","modified_gmt":"2018-08-28T21:59:56","slug":"intenta-matar-a-dueno-de-casa-mientras-dormia","status":"publish","type":"post","link":"http:\/\/www.alertaciudadana.info\/?p=30230","title":{"rendered":"Intenta matar a due\u00f1o de casa mientras dormia"},"content":{"rendered":"<p><a href=\"http:\/\/www.alertaciudadana.info\/wp-content\/uploads\/2018\/08\/IMG-20180828-WA0132.jpg\" rel=\"attachment wp-att-30231\"><img loading=\"lazy\" decoding=\"async\" class=\"alignnone size-medium wp-image-30231\" src=\"http:\/\/www.alertaciudadana.info\/wp-content\/uploads\/2018\/08\/IMG-20180828-WA0132-300x292.jpg\" alt=\"IMG-20180828-WA0132\" width=\"300\" height=\"292\" srcset=\"http:\/\/www.alertaciudadana.info\/wp-content\/uploads\/2018\/08\/IMG-20180828-WA0132-300x292.jpg 300w, http:\/\/www.alertaciudadana.info\/wp-content\/uploads\/2018\/08\/IMG-20180828-WA0132-768x747.jpg 768w, http:\/\/www.alertaciudadana.info\/wp-content\/uploads\/2018\/08\/IMG-20180828-WA0132.jpg 960w\" sizes=\"auto, (max-width: 300px) 100vw, 300px\" \/><\/a><\/p>\n<h3>Ciudad Victoria, Tamaulipas.- La Procuradur\u00eda General de Justicia de Tamaulipas informa que fue vinculado a proceso Esteban \u201cN\u201d por los delitos de tentativa de homicidio calificado, robo con violencia, lesiones y allanamiento de morada.<\/h3>\n<h3>Un juez de control vincul\u00f3 a proceso al imputado, despu\u00e9s de que el Ministerio P\u00fablico present\u00f3 elementos suficientes que muestran su probable responsabilidad en los delitos se\u00f1alados, cometidos el 28 de mayo de 2016 en la colonia Liberal en esta ciudad capital.<\/h3>\n<h3>Asimismo, la autoridad judicial estableci\u00f3 prisi\u00f3n preventiva para Esteban \u201cN\u201d y un plazo de cierre de investigaci\u00f3n de dos meses.<\/h3>\n<h3>Con acciones como esta, el Gobierno de Tamaulipas, por conducto de la Procuradur\u00eda General de Justicia de Tamaulipas, reitera su compromiso de combatir el delito, as\u00ed como de perseguir y castigar a todos aquellos que atenten contra la vida, el patrimonio, la paz y la seguridad de los tamaulipecos.<\/h3>\n","protected":false},"excerpt":{"rendered":"<p>Ciudad Victoria, Tamaulipas.- La Procuradur\u00eda General de Justicia de Tamaulipas informa que fue vinculado a proceso Esteban \u201cN\u201d por los&hellip;<\/p>\n","protected":false},"author":1,"featured_media":30231,"comment_status":"closed","ping_status":"closed","sticky":false,"template":"","format":"standard","meta":{"footnotes":""},"categories":[16,1],"tags":[],"class_list":["post-30230","post","type-post","status-publish","format-standard","has-post-thumbnail","hentry","category-ciudadvictoria","category-destacados"],"_links":{"self":[{"href":"http:\/\/www.alertaciudadana.info\/index.php?rest_route=\/wp\/v2\/posts\/30230","targetHints":{"allow":["GET"]}}],"collection":[{"href":"http:\/\/www.alertaciudadana.info\/index.php?rest_route=\/wp\/v2\/posts"}],"about":[{"href":"http:\/\/www.alertaciudadana.info\/index.php?rest_route=\/wp\/v2\/types\/post"}],"author":[{"embeddable":true,"href":"http:\/\/www.alertaciudadana.info\/index.php?rest_route=\/wp\/v2\/users\/1"}],"replies":[{"embeddable":true,"href":"http:\/\/www.alertaciudadana.info\/index.php?rest_route=%2Fwp%2Fv2%2Fcomments&post=30230"}],"version-history":[{"count":1,"href":"http:\/\/www.alertaciudadana.info\/index.php?rest_route=\/wp\/v2\/posts\/30230\/revisions"}],"predecessor-version":[{"id":30232,"href":"http:\/\/www.alertaciudadana.info\/index.php?rest_route=\/wp\/v2\/posts\/30230\/revisions\/30232"}],"wp:featuredmedia":[{"embeddable":true,"href":"http:\/\/www.alertaciudadana.info\/index.php?rest_route=\/wp\/v2\/media\/30231"}],"wp:attachment":[{"href":"http:\/\/www.alertaciudadana.info\/index.php?rest_route=%2Fwp%2Fv2%2Fmedia&parent=30230"}],"wp:term":[{"taxonomy":"category","embeddable":true,"href":"http:\/\/www.alertaciudadana.info\/index.php?rest_route=%2Fwp%2Fv2%2Fcategories&post=30230"},{"taxonomy":"post_tag","embeddable":true,"href":"http:\/\/www.alertaciudadana.info\/index.php?rest_route=%2Fwp%2Fv2%2Ftags&post=30230"}],"curies":[{"name":"wp","href":"https:\/\/api.w.org\/{rel}","templated":true}]}}