{"id":29801,"date":"2018-08-15T19:55:02","date_gmt":"2018-08-15T19:55:02","guid":{"rendered":"http:\/\/www.alertaciudadana.info\/?p=29801"},"modified":"2018-08-15T19:55:02","modified_gmt":"2018-08-15T19:55:02","slug":"carcel-a-asesino-de-militar","status":"publish","type":"post","link":"http:\/\/www.alertaciudadana.info\/?p=29801","title":{"rendered":"Carcel a asesino de militar"},"content":{"rendered":"<p><a href=\"http:\/\/www.alertaciudadana.info\/wp-content\/uploads\/2018\/08\/IMG-20180815-WA0078.jpg\" rel=\"attachment wp-att-29802\"><img loading=\"lazy\" decoding=\"async\" class=\"alignnone size-medium wp-image-29802\" src=\"http:\/\/www.alertaciudadana.info\/wp-content\/uploads\/2018\/08\/IMG-20180815-WA0078-169x300.jpg\" alt=\"IMG-20180815-WA0078\" width=\"169\" height=\"300\" srcset=\"http:\/\/www.alertaciudadana.info\/wp-content\/uploads\/2018\/08\/IMG-20180815-WA0078-169x300.jpg 169w, http:\/\/www.alertaciudadana.info\/wp-content\/uploads\/2018\/08\/IMG-20180815-WA0078-576x1024.jpg 576w, http:\/\/www.alertaciudadana.info\/wp-content\/uploads\/2018\/08\/IMG-20180815-WA0078.jpg 720w\" sizes=\"auto, (max-width: 169px) 100vw, 169px\" \/><\/a><\/p>\n<h3>Ciudad Victoria, Tamaulipas.- La Procuradur\u00eda General de Justicia de Tamaulipas informa que agentes de la Polic\u00eda Ministerial, adscritos la Direcci\u00f3n General de Averiguaciones Previas, cumplimentaron una orden de aprehensi\u00f3n por internamiento en contra de Joel \u201cN\u201d y\/o V\u00edctor Manuel, alias \u201cEl Duro\u201d, por el delito de homicidio calificado.<\/h3>\n<h3>El agente del Ministerio P\u00fablico present\u00f3 ante la autoridad judicial elementos suficientes que muestran la probable responsabilidad del imputado en la muerte de un elemento de la Secretar\u00eda de la Defensa Nacional, en hechos ocurridos en el 25 de junio del 2012 el municipio de Hidalgo.<\/h3>\n<h3>Derivado de las investigaciones, se tienen indicios de que el imputado era l\u00edder de una banda delincuencial que operaba en las zonas de los municipios de Oyama, Padilla, Barretal y Santa Engracia.<\/h3>\n<h3>Con este tipo de acciones, el Gobierno de Tamaulipas, a trav\u00e9s de la Procuradur\u00eda General de Justicia de Tamaulipas, refrenda su compromiso para combatir el delito y perseguir y castigar a quienes atenten en contra de la vida.<\/h3>\n","protected":false},"excerpt":{"rendered":"<p>Ciudad Victoria, Tamaulipas.- La Procuradur\u00eda General de Justicia de Tamaulipas informa que agentes de la Polic\u00eda Ministerial, adscritos la Direcci\u00f3n&hellip;<\/p>\n","protected":false},"author":1,"featured_media":29802,"comment_status":"closed","ping_status":"closed","sticky":false,"template":"","format":"standard","meta":{"footnotes":""},"categories":[16,1],"tags":[],"class_list":["post-29801","post","type-post","status-publish","format-standard","has-post-thumbnail","hentry","category-ciudadvictoria","category-destacados"],"_links":{"self":[{"href":"http:\/\/www.alertaciudadana.info\/index.php?rest_route=\/wp\/v2\/posts\/29801","targetHints":{"allow":["GET"]}}],"collection":[{"href":"http:\/\/www.alertaciudadana.info\/index.php?rest_route=\/wp\/v2\/posts"}],"about":[{"href":"http:\/\/www.alertaciudadana.info\/index.php?rest_route=\/wp\/v2\/types\/post"}],"author":[{"embeddable":true,"href":"http:\/\/www.alertaciudadana.info\/index.php?rest_route=\/wp\/v2\/users\/1"}],"replies":[{"embeddable":true,"href":"http:\/\/www.alertaciudadana.info\/index.php?rest_route=%2Fwp%2Fv2%2Fcomments&post=29801"}],"version-history":[{"count":1,"href":"http:\/\/www.alertaciudadana.info\/index.php?rest_route=\/wp\/v2\/posts\/29801\/revisions"}],"predecessor-version":[{"id":29803,"href":"http:\/\/www.alertaciudadana.info\/index.php?rest_route=\/wp\/v2\/posts\/29801\/revisions\/29803"}],"wp:featuredmedia":[{"embeddable":true,"href":"http:\/\/www.alertaciudadana.info\/index.php?rest_route=\/wp\/v2\/media\/29802"}],"wp:attachment":[{"href":"http:\/\/www.alertaciudadana.info\/index.php?rest_route=%2Fwp%2Fv2%2Fmedia&parent=29801"}],"wp:term":[{"taxonomy":"category","embeddable":true,"href":"http:\/\/www.alertaciudadana.info\/index.php?rest_route=%2Fwp%2Fv2%2Fcategories&post=29801"},{"taxonomy":"post_tag","embeddable":true,"href":"http:\/\/www.alertaciudadana.info\/index.php?rest_route=%2Fwp%2Fv2%2Ftags&post=29801"}],"curies":[{"name":"wp","href":"https:\/\/api.w.org\/{rel}","templated":true}]}}