{"id":29798,"date":"2018-08-15T19:48:00","date_gmt":"2018-08-15T19:48:00","guid":{"rendered":"http:\/\/www.alertaciudadana.info\/?p=29798"},"modified":"2018-08-15T19:48:00","modified_gmt":"2018-08-15T19:48:00","slug":"carcel-a-violador-de-nina-de-7-anos","status":"publish","type":"post","link":"http:\/\/www.alertaciudadana.info\/?p=29798","title":{"rendered":"Carcel a violador de ni\u00f1a de 7 a\u00f1os"},"content":{"rendered":"<p><a href=\"http:\/\/www.alertaciudadana.info\/wp-content\/uploads\/2018\/08\/IMG-20180815-WA0077.jpg\" rel=\"attachment wp-att-29799\"><img loading=\"lazy\" decoding=\"async\" class=\"alignnone size-medium wp-image-29799\" src=\"http:\/\/www.alertaciudadana.info\/wp-content\/uploads\/2018\/08\/IMG-20180815-WA0077-235x300.jpg\" alt=\"IMG-20180815-WA0077\" width=\"235\" height=\"300\" srcset=\"http:\/\/www.alertaciudadana.info\/wp-content\/uploads\/2018\/08\/IMG-20180815-WA0077-235x300.jpg 235w, http:\/\/www.alertaciudadana.info\/wp-content\/uploads\/2018\/08\/IMG-20180815-WA0077.jpg 721w\" sizes=\"auto, (max-width: 235px) 100vw, 235px\" \/><\/a><\/p>\n<h3>Ciudad Victoria, Tamaulipas.- La Procuradur\u00eda General de justicia de Tamaulipas informa que se vincul\u00f3 a proceso a un joven menor de edad, por el delito de violaci\u00f3n equiparada en contra de una ni\u00f1a de 7 a\u00f1os.<\/h3>\n<h3>El agente del Ministerio P\u00fablico acredit\u00f3 ante la autoridad judicial elementos suficientes de la probable responsabilidad del detenido en el citado delito, ocurrido el pasado 12 de agosto en la colonia Libertad en esta ciudad capital, por lo que un Juez de Control estableci\u00f3 la vinculaci\u00f3n a proceso, estableciendo tres meses de prisi\u00f3n como medida cautelar.<\/h3>\n<h3>Con este tipo de acciones, el Gobierno de Tamaulipas, a trav\u00e9s de la Procuradur\u00eda General de Justicia de Tamaulipas, refrenda su compromiso de utilizar todos los medios jur\u00eddicos a su alcance para perseguir y castigar a todos aquellos que atenten contra la libertad y desarrollo psicosexual de los infantes tamaulipecos.<\/h3>\n","protected":false},"excerpt":{"rendered":"<p>Ciudad Victoria, Tamaulipas.- La Procuradur\u00eda General de justicia de Tamaulipas informa que se vincul\u00f3 a proceso a un joven menor&hellip;<\/p>\n","protected":false},"author":1,"featured_media":29799,"comment_status":"closed","ping_status":"closed","sticky":false,"template":"","format":"standard","meta":{"footnotes":""},"categories":[16,1],"tags":[],"class_list":["post-29798","post","type-post","status-publish","format-standard","has-post-thumbnail","hentry","category-ciudadvictoria","category-destacados"],"_links":{"self":[{"href":"http:\/\/www.alertaciudadana.info\/index.php?rest_route=\/wp\/v2\/posts\/29798","targetHints":{"allow":["GET"]}}],"collection":[{"href":"http:\/\/www.alertaciudadana.info\/index.php?rest_route=\/wp\/v2\/posts"}],"about":[{"href":"http:\/\/www.alertaciudadana.info\/index.php?rest_route=\/wp\/v2\/types\/post"}],"author":[{"embeddable":true,"href":"http:\/\/www.alertaciudadana.info\/index.php?rest_route=\/wp\/v2\/users\/1"}],"replies":[{"embeddable":true,"href":"http:\/\/www.alertaciudadana.info\/index.php?rest_route=%2Fwp%2Fv2%2Fcomments&post=29798"}],"version-history":[{"count":1,"href":"http:\/\/www.alertaciudadana.info\/index.php?rest_route=\/wp\/v2\/posts\/29798\/revisions"}],"predecessor-version":[{"id":29800,"href":"http:\/\/www.alertaciudadana.info\/index.php?rest_route=\/wp\/v2\/posts\/29798\/revisions\/29800"}],"wp:featuredmedia":[{"embeddable":true,"href":"http:\/\/www.alertaciudadana.info\/index.php?rest_route=\/wp\/v2\/media\/29799"}],"wp:attachment":[{"href":"http:\/\/www.alertaciudadana.info\/index.php?rest_route=%2Fwp%2Fv2%2Fmedia&parent=29798"}],"wp:term":[{"taxonomy":"category","embeddable":true,"href":"http:\/\/www.alertaciudadana.info\/index.php?rest_route=%2Fwp%2Fv2%2Fcategories&post=29798"},{"taxonomy":"post_tag","embeddable":true,"href":"http:\/\/www.alertaciudadana.info\/index.php?rest_route=%2Fwp%2Fv2%2Ftags&post=29798"}],"curies":[{"name":"wp","href":"https:\/\/api.w.org\/{rel}","templated":true}]}}