{"id":29448,"date":"2018-08-03T13:41:59","date_gmt":"2018-08-03T13:41:59","guid":{"rendered":"http:\/\/www.alertaciudadana.info\/?p=29448"},"modified":"2018-08-03T13:41:59","modified_gmt":"2018-08-03T13:41:59","slug":"40-anos-de-carcel-a-homicida","status":"publish","type":"post","link":"http:\/\/www.alertaciudadana.info\/?p=29448","title":{"rendered":"40 a\u00f1os de carcel a homicida"},"content":{"rendered":"<h3><a href=\"http:\/\/www.alertaciudadana.info\/wp-content\/uploads\/2018\/08\/IMG-20180803-WA0009.jpg\" rel=\"attachment wp-att-29449\"><img loading=\"lazy\" decoding=\"async\" class=\"alignnone size-medium wp-image-29449\" src=\"http:\/\/www.alertaciudadana.info\/wp-content\/uploads\/2018\/08\/IMG-20180803-WA0009-300x243.jpg\" alt=\"IMG-20180803-WA0009\" width=\"300\" height=\"243\" srcset=\"http:\/\/www.alertaciudadana.info\/wp-content\/uploads\/2018\/08\/IMG-20180803-WA0009-300x243.jpg 300w, http:\/\/www.alertaciudadana.info\/wp-content\/uploads\/2018\/08\/IMG-20180803-WA0009.jpg 479w\" sizes=\"auto, (max-width: 300px) 100vw, 300px\" \/><\/a><\/h3>\n<h3>Ciudad Victoria, Tamaulipas.- La Procuradur\u00eda General de Justicia de Tamaulipas informa que fue dictada sentencia de 40 a\u00f1os de prisi\u00f3n en contra de Jos\u00e9 Manuel \u201cN\u201d por el delito de homicidio calificado.<br \/>\nUn Tribunal de Enjuiciamiento emiti\u00f3 la condena despu\u00e9s de que el Ministerio P\u00fablico demostr\u00f3 fehacientemente la responsabilidad del imputado en la muerte de dos personas, en hechos ocurridos en el Fraccionamiento Colinas del Valle el 15 de junio de 2017.<br \/>\nEl Gobierno de Tamaulipas, a trav\u00e9s de la Procuradur\u00eda General de Justicia del Estado refrenda el compromiso de combatir el delito, perseguir y castigar a todos aquellos que atenten contra la vida, paz y tranquilidad de los tamaulipecos.<br \/>\nAsunto: Sentencian a Homicida.<\/h3>\n","protected":false},"excerpt":{"rendered":"<p>Ciudad Victoria, Tamaulipas.- La Procuradur\u00eda General de Justicia de Tamaulipas informa que fue dictada sentencia de 40 a\u00f1os de prisi\u00f3n&hellip;<\/p>\n","protected":false},"author":1,"featured_media":29449,"comment_status":"closed","ping_status":"closed","sticky":false,"template":"","format":"standard","meta":{"footnotes":""},"categories":[1,8],"tags":[],"class_list":["post-29448","post","type-post","status-publish","format-standard","has-post-thumbnail","hentry","category-destacados","category-policiaca"],"_links":{"self":[{"href":"http:\/\/www.alertaciudadana.info\/index.php?rest_route=\/wp\/v2\/posts\/29448","targetHints":{"allow":["GET"]}}],"collection":[{"href":"http:\/\/www.alertaciudadana.info\/index.php?rest_route=\/wp\/v2\/posts"}],"about":[{"href":"http:\/\/www.alertaciudadana.info\/index.php?rest_route=\/wp\/v2\/types\/post"}],"author":[{"embeddable":true,"href":"http:\/\/www.alertaciudadana.info\/index.php?rest_route=\/wp\/v2\/users\/1"}],"replies":[{"embeddable":true,"href":"http:\/\/www.alertaciudadana.info\/index.php?rest_route=%2Fwp%2Fv2%2Fcomments&post=29448"}],"version-history":[{"count":1,"href":"http:\/\/www.alertaciudadana.info\/index.php?rest_route=\/wp\/v2\/posts\/29448\/revisions"}],"predecessor-version":[{"id":29450,"href":"http:\/\/www.alertaciudadana.info\/index.php?rest_route=\/wp\/v2\/posts\/29448\/revisions\/29450"}],"wp:featuredmedia":[{"embeddable":true,"href":"http:\/\/www.alertaciudadana.info\/index.php?rest_route=\/wp\/v2\/media\/29449"}],"wp:attachment":[{"href":"http:\/\/www.alertaciudadana.info\/index.php?rest_route=%2Fwp%2Fv2%2Fmedia&parent=29448"}],"wp:term":[{"taxonomy":"category","embeddable":true,"href":"http:\/\/www.alertaciudadana.info\/index.php?rest_route=%2Fwp%2Fv2%2Fcategories&post=29448"},{"taxonomy":"post_tag","embeddable":true,"href":"http:\/\/www.alertaciudadana.info\/index.php?rest_route=%2Fwp%2Fv2%2Ftags&post=29448"}],"curies":[{"name":"wp","href":"https:\/\/api.w.org\/{rel}","templated":true}]}}