{"id":27897,"date":"2018-06-15T02:08:27","date_gmt":"2018-06-15T02:08:27","guid":{"rendered":"http:\/\/www.alertaciudadana.info\/?p=27897"},"modified":"2018-06-15T02:08:27","modified_gmt":"2018-06-15T02:08:27","slug":"acuerdo-binacional-piso-callos-a-diputados-priistas","status":"publish","type":"post","link":"http:\/\/www.alertaciudadana.info\/?p=27897","title":{"rendered":"Acuerdo binacional \u2018pis\u00f3 callos\u2019 a diputados pri\u00edstas"},"content":{"rendered":"<p><a href=\"http:\/\/www.alertaciudadana.info\/wp-content\/uploads\/2018\/06\/IMG-20180614-WA0211.jpg\" rel=\"attachment wp-att-27898\"><img loading=\"lazy\" decoding=\"async\" class=\"alignnone size-medium wp-image-27898\" src=\"http:\/\/www.alertaciudadana.info\/wp-content\/uploads\/2018\/06\/IMG-20180614-WA0211-300x200.jpg\" alt=\"IMG-20180614-WA0211\" width=\"300\" height=\"200\" srcset=\"http:\/\/www.alertaciudadana.info\/wp-content\/uploads\/2018\/06\/IMG-20180614-WA0211-300x200.jpg 300w, http:\/\/www.alertaciudadana.info\/wp-content\/uploads\/2018\/06\/IMG-20180614-WA0211-768x511.jpg 768w, http:\/\/www.alertaciudadana.info\/wp-content\/uploads\/2018\/06\/IMG-20180614-WA0211.jpg 960w\" sizes=\"auto, (max-width: 300px) 100vw, 300px\" \/><\/a><\/p>\n<p>* Legisladores del PRI agarran de bandera tema de inseguridad, pero cuando llega el momento de tomar acciones se echan para atr\u00e1s<\/p>\n<p>* \u201cNo le fallan al Gobernador, le est\u00e1n fallando a la ciudadan\u00eda que los eligi\u00f3\u201d: Luis Cant\u00fa<\/p>\n<p>&nbsp;<\/p>\n<p>Tal parece que los legisladores del PRI apuestan porque se mantenga el clima de inseguridad en la entidad, toda vez que se opusieron en reconocer el acuerdo binacional nombrado \u201cCampa\u00f1a de Seguridad y Prosperidad\u201d, firmado por el Ejecutivo estatal y siete agencias gubernamentales de Estados Unidos, que fija algunos objetivos criminales que van a ser sujetos a persecuci\u00f3n para detenerlos en ambos pa\u00edses.<\/p>\n<p>Siempre este tipo de acuerdos que brinden soluci\u00f3n a la problem\u00e1tica que enfrenta la entidad, y m\u00e1s trat\u00e1ndose de una zona lim\u00edtrofe con los Estados Unidos, es de aplaudirse, ya que esto no se trata de colores ni de partidos, sino de la seguridad de todos los tamaulipecos, expres\u00f3 el Diputado local por el PAN, Luis Ren\u00e9 Cant\u00fa Galv\u00e1n \u201cEl Cachorro\u201d, en entrevista radiof\u00f3nica.<\/p>\n<p>\u201cEn este tema de seguridad, la mayor\u00eda de los diputados hemos estado apoyando todo lo que sea por el bienestar y la paz de Tamaulipas, y en esto obviamente incluye el apoyar las acciones que emprenda el Gobernador, para regresar la paz a nuestro Estado\u201d, precis\u00f3 el legislador panista.<\/p>\n<p>Cant\u00fa Galv\u00e1n indic\u00f3 que los legisladores, como representantes de la ciudadan\u00eda que los eligi\u00f3, deben estar comprometidos a sacar las cosas de la mejor manera, \u201cy no se vale que los pri\u00edstas agarren de bandera el tema de la inseguridad; por un lado lo toman como bandera electoral (la lucha contra la delincuencia), pero cuando llega el momento de hacer acciones para tratar de contenerlo, para acabar con la impunidad, se echan para atr\u00e1s\u201d.<\/p>\n<p>\u201cLa ciudadan\u00eda nos eligi\u00f3 para atender todas las problem\u00e1ticas que existan en todos los rubros, y con este tipo de acciones de los diputados pri\u00edstas no le fallan al Gobernador, le est\u00e1n fallando a la ciudadan\u00eda, ya que son ellos quienes nos pusieron en el Congreso, y son finalmente a quienes les debemos respeto\u201d, abund\u00f3 el \u201cChachorro\u201d.<\/p>\n<p>Asimismo, el diputado local panistas dej\u00f3 entrever que quiz\u00e1 \u00e9sta fue una reacci\u00f3n de sus compa\u00f1eros pri\u00edstas al sentir que les \u201cpisaron los callos\u201d, o sienten temor o miedo de que esta iniciativa binacional derive en una investigaci\u00f3n.<\/p>\n<p>\u201cYo lo digo claro y lo sostengo, esto no lo podemos detener, esto lo tenemos que apoyar. Lamentablemente lo vuelvo a repetir: hay compa\u00f1eros legisladores que no lo ven de esa manera, lo ven solo pol\u00edtico y no es as\u00ed, no se trata de perseguir a alguien, se trata de poner las bases y poder hacer el trabajo que se merece y el trabajo que es y para el que realmente estamos\u201d.<\/p>\n","protected":false},"excerpt":{"rendered":"<p>* Legisladores del PRI agarran de bandera tema de inseguridad, pero cuando llega el momento de tomar acciones se echan&hellip;<\/p>\n","protected":false},"author":1,"featured_media":27898,"comment_status":"closed","ping_status":"closed","sticky":false,"template":"","format":"standard","meta":{"footnotes":""},"categories":[16,1],"tags":[],"class_list":["post-27897","post","type-post","status-publish","format-standard","has-post-thumbnail","hentry","category-ciudadvictoria","category-destacados"],"_links":{"self":[{"href":"http:\/\/www.alertaciudadana.info\/index.php?rest_route=\/wp\/v2\/posts\/27897","targetHints":{"allow":["GET"]}}],"collection":[{"href":"http:\/\/www.alertaciudadana.info\/index.php?rest_route=\/wp\/v2\/posts"}],"about":[{"href":"http:\/\/www.alertaciudadana.info\/index.php?rest_route=\/wp\/v2\/types\/post"}],"author":[{"embeddable":true,"href":"http:\/\/www.alertaciudadana.info\/index.php?rest_route=\/wp\/v2\/users\/1"}],"replies":[{"embeddable":true,"href":"http:\/\/www.alertaciudadana.info\/index.php?rest_route=%2Fwp%2Fv2%2Fcomments&post=27897"}],"version-history":[{"count":1,"href":"http:\/\/www.alertaciudadana.info\/index.php?rest_route=\/wp\/v2\/posts\/27897\/revisions"}],"predecessor-version":[{"id":27899,"href":"http:\/\/www.alertaciudadana.info\/index.php?rest_route=\/wp\/v2\/posts\/27897\/revisions\/27899"}],"wp:featuredmedia":[{"embeddable":true,"href":"http:\/\/www.alertaciudadana.info\/index.php?rest_route=\/wp\/v2\/media\/27898"}],"wp:attachment":[{"href":"http:\/\/www.alertaciudadana.info\/index.php?rest_route=%2Fwp%2Fv2%2Fmedia&parent=27897"}],"wp:term":[{"taxonomy":"category","embeddable":true,"href":"http:\/\/www.alertaciudadana.info\/index.php?rest_route=%2Fwp%2Fv2%2Fcategories&post=27897"},{"taxonomy":"post_tag","embeddable":true,"href":"http:\/\/www.alertaciudadana.info\/index.php?rest_route=%2Fwp%2Fv2%2Ftags&post=27897"}],"curies":[{"name":"wp","href":"https:\/\/api.w.org\/{rel}","templated":true}]}}