{"id":27200,"date":"2018-05-28T15:34:01","date_gmt":"2018-05-28T15:34:01","guid":{"rendered":"http:\/\/www.alertaciudadana.info\/?p=27200"},"modified":"2018-05-28T15:34:01","modified_gmt":"2018-05-28T15:34:01","slug":"caen-cuatro-ministeriales-por-secuestro","status":"publish","type":"post","link":"http:\/\/www.alertaciudadana.info\/?p=27200","title":{"rendered":"Caen cuatro ministeriales por secuestro"},"content":{"rendered":"<h3><a href=\"http:\/\/www.alertaciudadana.info\/wp-content\/uploads\/2018\/05\/IMG-20180526-WA0058.jpg\" rel=\"attachment wp-att-27201\"><img loading=\"lazy\" decoding=\"async\" class=\"alignnone size-medium wp-image-27201\" src=\"http:\/\/www.alertaciudadana.info\/wp-content\/uploads\/2018\/05\/IMG-20180526-WA0058-225x300.jpg\" alt=\"IMG-20180526-WA0058\" width=\"225\" height=\"300\" srcset=\"http:\/\/www.alertaciudadana.info\/wp-content\/uploads\/2018\/05\/IMG-20180526-WA0058-225x300.jpg 225w, http:\/\/www.alertaciudadana.info\/wp-content\/uploads\/2018\/05\/IMG-20180526-WA0058-768x1024.jpg 768w, http:\/\/www.alertaciudadana.info\/wp-content\/uploads\/2018\/05\/IMG-20180526-WA0058.jpg 960w\" sizes=\"auto, (max-width: 225px) 100vw, 225px\" \/><\/a> <a href=\"http:\/\/www.alertaciudadana.info\/wp-content\/uploads\/2018\/05\/IMG-20180526-WA0057.jpg\" rel=\"attachment wp-att-27202\"><img loading=\"lazy\" decoding=\"async\" class=\"alignnone size-medium wp-image-27202\" src=\"http:\/\/www.alertaciudadana.info\/wp-content\/uploads\/2018\/05\/IMG-20180526-WA0057-225x300.jpg\" alt=\"IMG-20180526-WA0057\" width=\"225\" height=\"300\" srcset=\"http:\/\/www.alertaciudadana.info\/wp-content\/uploads\/2018\/05\/IMG-20180526-WA0057-225x300.jpg 225w, http:\/\/www.alertaciudadana.info\/wp-content\/uploads\/2018\/05\/IMG-20180526-WA0057-768x1024.jpg 768w, http:\/\/www.alertaciudadana.info\/wp-content\/uploads\/2018\/05\/IMG-20180526-WA0057.jpg 960w\" sizes=\"auto, (max-width: 225px) 100vw, 225px\" \/><\/a> <a href=\"http:\/\/www.alertaciudadana.info\/wp-content\/uploads\/2018\/05\/IMG-20180526-WA0056.jpg\" rel=\"attachment wp-att-27203\"><img loading=\"lazy\" decoding=\"async\" class=\"alignnone size-medium wp-image-27203\" src=\"http:\/\/www.alertaciudadana.info\/wp-content\/uploads\/2018\/05\/IMG-20180526-WA0056-225x300.jpg\" alt=\"IMG-20180526-WA0056\" width=\"225\" height=\"300\" srcset=\"http:\/\/www.alertaciudadana.info\/wp-content\/uploads\/2018\/05\/IMG-20180526-WA0056-225x300.jpg 225w, http:\/\/www.alertaciudadana.info\/wp-content\/uploads\/2018\/05\/IMG-20180526-WA0056-768x1024.jpg 768w, http:\/\/www.alertaciudadana.info\/wp-content\/uploads\/2018\/05\/IMG-20180526-WA0056.jpg 960w\" sizes=\"auto, (max-width: 225px) 100vw, 225px\" \/><\/a> <a href=\"http:\/\/www.alertaciudadana.info\/wp-content\/uploads\/2018\/05\/IMG-20180526-WA0055.jpg\" rel=\"attachment wp-att-27204\"><img loading=\"lazy\" decoding=\"async\" class=\"alignnone size-medium wp-image-27204\" src=\"http:\/\/www.alertaciudadana.info\/wp-content\/uploads\/2018\/05\/IMG-20180526-WA0055-225x300.jpg\" alt=\"IMG-20180526-WA0055\" width=\"225\" height=\"300\" srcset=\"http:\/\/www.alertaciudadana.info\/wp-content\/uploads\/2018\/05\/IMG-20180526-WA0055-225x300.jpg 225w, http:\/\/www.alertaciudadana.info\/wp-content\/uploads\/2018\/05\/IMG-20180526-WA0055-768x1024.jpg 768w, http:\/\/www.alertaciudadana.info\/wp-content\/uploads\/2018\/05\/IMG-20180526-WA0055.jpg 960w\" sizes=\"auto, (max-width: 225px) 100vw, 225px\" \/><\/a><\/h3>\n<h3>Ciudad Victoria, Tamaulipas.- La Procuradur\u00eda General de Justicia de Tamaulipas informa que, derivado de trabajos de investigaci\u00f3n de los elementos de la Coordinaci\u00f3n Estatal Antisecuestros (CEA), fueron detenidos cuatro polic\u00edas ministeriales por el delito de secuestro agravado.<br \/>\nEl Agente del Ministerio P\u00fablico acredit\u00f3 ante un Juez de Control elementos suficientes para obtener \u00f3rdenes de aprehensi\u00f3n contra Gerardo \u201cN\u201d, Abner \u201cN\u201d, Natividad \u201cN\u201d y Leonardo Daniel \u201cN\u201d por su probable responsabilidad en el secuestro de un empresario de Nuevo Laredo, ocurrido el pasado mes de febrero del 2018, por el cual se pag\u00f3 un rescate de 5 millones de pesos.<br \/>\nEl Gobierno de Tamaulipas y la Procuradur\u00eda General de Justicia del Estado condenan toda participaci\u00f3n en actos delictivos por parte de sus servidores p\u00fablicos que traicionen la confianza y obligaci\u00f3n que se tiene con la sociedad. Todo delito cometido por servidores p\u00fablicos de la PGJT ser\u00e1 investigado y no se permitir\u00e1 impunidad.<\/h3>\n","protected":false},"excerpt":{"rendered":"<p>Ciudad Victoria, Tamaulipas.- La Procuradur\u00eda General de Justicia de Tamaulipas informa que, derivado de trabajos de investigaci\u00f3n de los elementos&hellip;<\/p>\n","protected":false},"author":1,"featured_media":27204,"comment_status":"closed","ping_status":"closed","sticky":false,"template":"","format":"standard","meta":{"footnotes":""},"categories":[16,1],"tags":[],"class_list":["post-27200","post","type-post","status-publish","format-standard","has-post-thumbnail","hentry","category-ciudadvictoria","category-destacados"],"_links":{"self":[{"href":"http:\/\/www.alertaciudadana.info\/index.php?rest_route=\/wp\/v2\/posts\/27200","targetHints":{"allow":["GET"]}}],"collection":[{"href":"http:\/\/www.alertaciudadana.info\/index.php?rest_route=\/wp\/v2\/posts"}],"about":[{"href":"http:\/\/www.alertaciudadana.info\/index.php?rest_route=\/wp\/v2\/types\/post"}],"author":[{"embeddable":true,"href":"http:\/\/www.alertaciudadana.info\/index.php?rest_route=\/wp\/v2\/users\/1"}],"replies":[{"embeddable":true,"href":"http:\/\/www.alertaciudadana.info\/index.php?rest_route=%2Fwp%2Fv2%2Fcomments&post=27200"}],"version-history":[{"count":1,"href":"http:\/\/www.alertaciudadana.info\/index.php?rest_route=\/wp\/v2\/posts\/27200\/revisions"}],"predecessor-version":[{"id":27205,"href":"http:\/\/www.alertaciudadana.info\/index.php?rest_route=\/wp\/v2\/posts\/27200\/revisions\/27205"}],"wp:featuredmedia":[{"embeddable":true,"href":"http:\/\/www.alertaciudadana.info\/index.php?rest_route=\/wp\/v2\/media\/27204"}],"wp:attachment":[{"href":"http:\/\/www.alertaciudadana.info\/index.php?rest_route=%2Fwp%2Fv2%2Fmedia&parent=27200"}],"wp:term":[{"taxonomy":"category","embeddable":true,"href":"http:\/\/www.alertaciudadana.info\/index.php?rest_route=%2Fwp%2Fv2%2Fcategories&post=27200"},{"taxonomy":"post_tag","embeddable":true,"href":"http:\/\/www.alertaciudadana.info\/index.php?rest_route=%2Fwp%2Fv2%2Ftags&post=27200"}],"curies":[{"name":"wp","href":"https:\/\/api.w.org\/{rel}","templated":true}]}}