{"id":26788,"date":"2018-05-15T19:54:18","date_gmt":"2018-05-15T19:54:18","guid":{"rendered":"http:\/\/www.alertaciudadana.info\/?p=26788"},"modified":"2018-05-15T19:54:18","modified_gmt":"2018-05-15T19:54:18","slug":"en-aumento-suicidios-en-mexico","status":"publish","type":"post","link":"http:\/\/www.alertaciudadana.info\/?p=26788","title":{"rendered":"En aumento suicidios en M\u00e9xico"},"content":{"rendered":"<h3 dir=\"ltr\"><a href=\"http:\/\/www.alertaciudadana.info\/wp-content\/uploads\/2018\/05\/pistola.jpg\" rel=\"attachment wp-att-26791\"><img loading=\"lazy\" decoding=\"async\" class=\"alignnone size-medium wp-image-26791\" src=\"http:\/\/www.alertaciudadana.info\/wp-content\/uploads\/2018\/05\/pistola-300x186.jpg\" alt=\"pistola\" width=\"300\" height=\"186\" srcset=\"http:\/\/www.alertaciudadana.info\/wp-content\/uploads\/2018\/05\/pistola-300x186.jpg 300w, http:\/\/www.alertaciudadana.info\/wp-content\/uploads\/2018\/05\/pistola-768x477.jpg 768w, http:\/\/www.alertaciudadana.info\/wp-content\/uploads\/2018\/05\/pistola.jpg 800w\" sizes=\"auto, (max-width: 300px) 100vw, 300px\" \/><\/a><\/h3>\n<h3 dir=\"ltr\"><strong>Nacional.-M\u00e9xico\u00a0<\/strong>tiene las tasas oficiales de<strong>\u00a0suicidio<\/strong>\u00a0m\u00e1s bajas en\u00a0<strong>Latinoam\u00e9rica\u00a0<\/strong>y en el mundo; sin embargo,\u00a0su incidencia es alta y contin\u00faa en aumento, seg\u00fan una investigaci\u00f3n del<strong>\u00a0<\/strong>Instituto Belisario Dom\u00ednguez del Senado de la Rep\u00fablica.<\/h3>\n<h3 dir=\"ltr\">El texto precis\u00f3 que del a\u00f1o\u00a0<strong>2000 al 2016,\u00a0<\/strong>se han registrado\u00a0<strong>83 mil 534<\/strong><strong>suicidios\u00a0<\/strong>en\u00a0<strong>nuestro pa\u00eds,\u00a0<\/strong>de los cuales:<\/h3>\n<ul dir=\"ltr\">\n<li>\n<h3>68 mil 309 eran\u00a0hombres<\/h3>\n<\/li>\n<li>\n<h3>15 mil 225 eran mujeres<\/h3>\n<\/li>\n<\/ul>\n<h3 dir=\"ltr\">Entre el 2000 y el 2015,\u00a0la\u00a0<strong>incidencia de suicidio<\/strong>\u00a0creci\u00f3 84.8%, expuso la investigaci\u00f3n \u201cAlternativas de atenci\u00f3n, seguimiento y prevenci\u00f3n desde el Poder Legislativo\u201d.<\/h3>\n<h3 dir=\"ltr\">\u00c9ste es el n\u00famero de suicidios de 2000 a 2016 por estados:<\/h3>\n<h3 dir=\"ltr\">En el\u00a0<strong>81% de los suicidios<\/strong>\u00a0el m\u00e9todo utilizado fue el ahorcamiento,\u00a0seguido del envenenamiento y disparo por arma de fuego con 8%; el menos utilizado fue con objetos cortantes, con 1%.<\/h3>\n","protected":false},"excerpt":{"rendered":"<p>Nacional.-M\u00e9xico\u00a0tiene las tasas oficiales de\u00a0suicidio\u00a0m\u00e1s bajas en\u00a0Latinoam\u00e9rica\u00a0y en el mundo; sin embargo,\u00a0su incidencia es alta y contin\u00faa en aumento, seg\u00fan&hellip;<\/p>\n","protected":false},"author":1,"featured_media":25580,"comment_status":"closed","ping_status":"closed","sticky":false,"template":"","format":"standard","meta":{"footnotes":""},"categories":[1,5],"tags":[],"class_list":["post-26788","post","type-post","status-publish","format-standard","has-post-thumbnail","hentry","category-destacados","category-nacional"],"_links":{"self":[{"href":"http:\/\/www.alertaciudadana.info\/index.php?rest_route=\/wp\/v2\/posts\/26788","targetHints":{"allow":["GET"]}}],"collection":[{"href":"http:\/\/www.alertaciudadana.info\/index.php?rest_route=\/wp\/v2\/posts"}],"about":[{"href":"http:\/\/www.alertaciudadana.info\/index.php?rest_route=\/wp\/v2\/types\/post"}],"author":[{"embeddable":true,"href":"http:\/\/www.alertaciudadana.info\/index.php?rest_route=\/wp\/v2\/users\/1"}],"replies":[{"embeddable":true,"href":"http:\/\/www.alertaciudadana.info\/index.php?rest_route=%2Fwp%2Fv2%2Fcomments&post=26788"}],"version-history":[{"count":1,"href":"http:\/\/www.alertaciudadana.info\/index.php?rest_route=\/wp\/v2\/posts\/26788\/revisions"}],"predecessor-version":[{"id":26792,"href":"http:\/\/www.alertaciudadana.info\/index.php?rest_route=\/wp\/v2\/posts\/26788\/revisions\/26792"}],"wp:featuredmedia":[{"embeddable":true,"href":"http:\/\/www.alertaciudadana.info\/index.php?rest_route=\/wp\/v2\/media\/25580"}],"wp:attachment":[{"href":"http:\/\/www.alertaciudadana.info\/index.php?rest_route=%2Fwp%2Fv2%2Fmedia&parent=26788"}],"wp:term":[{"taxonomy":"category","embeddable":true,"href":"http:\/\/www.alertaciudadana.info\/index.php?rest_route=%2Fwp%2Fv2%2Fcategories&post=26788"},{"taxonomy":"post_tag","embeddable":true,"href":"http:\/\/www.alertaciudadana.info\/index.php?rest_route=%2Fwp%2Fv2%2Ftags&post=26788"}],"curies":[{"name":"wp","href":"https:\/\/api.w.org\/{rel}","templated":true}]}}