{"id":26781,"date":"2018-05-15T19:45:13","date_gmt":"2018-05-15T19:45:13","guid":{"rendered":"http:\/\/www.alertaciudadana.info\/?p=26781"},"modified":"2018-05-15T19:45:13","modified_gmt":"2018-05-15T19:45:13","slug":"suman-15-camiones-nuevos-de-recoleccion-de-basura","status":"publish","type":"post","link":"http:\/\/www.alertaciudadana.info\/?p=26781","title":{"rendered":"Suman 15 camiones nuevos de recolecci\u00f3n de basura"},"content":{"rendered":"<p><a href=\"http:\/\/www.alertaciudadana.info\/wp-content\/uploads\/2018\/05\/WaterMark_2018-05-15-14-35-09.jpg\" rel=\"attachment wp-att-26784\"><img loading=\"lazy\" decoding=\"async\" class=\"alignnone size-medium wp-image-26784\" src=\"http:\/\/www.alertaciudadana.info\/wp-content\/uploads\/2018\/05\/WaterMark_2018-05-15-14-35-09-300x169.jpg\" alt=\"WaterMark_2018-05-15-14-35-09\" width=\"300\" height=\"169\" srcset=\"http:\/\/www.alertaciudadana.info\/wp-content\/uploads\/2018\/05\/WaterMark_2018-05-15-14-35-09-300x169.jpg 300w, http:\/\/www.alertaciudadana.info\/wp-content\/uploads\/2018\/05\/WaterMark_2018-05-15-14-35-09-768x432.jpg 768w, http:\/\/www.alertaciudadana.info\/wp-content\/uploads\/2018\/05\/WaterMark_2018-05-15-14-35-09-1024x576.jpg 1024w, http:\/\/www.alertaciudadana.info\/wp-content\/uploads\/2018\/05\/WaterMark_2018-05-15-14-35-09.jpg 1080w\" sizes=\"auto, (max-width: 300px) 100vw, 300px\" \/><\/a><\/p>\n<p>15\/05\/2018<\/p>\n<h3><span class=\"box1\">Edith Jimenez<\/span><\/h3>\n<h3><span class=\"box1\">Reynosa, Tam.-Ante al problema de basura que afecta a la ciudad y debido a la escasa cultura por parte de la poblaci\u00f3n sobre el cuidado del medio ambiente y al colocar los deshechos en la v\u00eda p\u00fablica el Gobierno Municipal prev\u00e9 implementar acciones de concientizaci\u00f3n, as\u00ed como aumentar el n\u00famero de camiones recolectores.<br \/>\n<\/span><\/h3>\n<h3><span class=\"box1\">Jos\u00e9 Alfonso Pe\u00f1a,\u00a0<\/span>Encargado de Despacho, explic\u00f3 que Reynosa tendr\u00e1 15 camiones nuevos, que se suman a las rutas para la recolecci\u00f3n de basura, con lo cual se aminora la problematica.<\/h3>\n<h3>\u00abEsto nos va a dar la oportunidad de brindar un mejor servicio del que estamos ofreciendo, tenemos actualmente 42 camiones, algunos son rentados y 38 son del Municipio, estamos valorando si se seguiran rentando o nos quedamos con los 38&#8230;\u00bb.<\/h3>\n<h3>A\u00f1adiendo que el compromiso el eficientizar y mejorar el servicio de recolecci\u00f3n de basura en la ciudad.<\/h3>\n","protected":false},"excerpt":{"rendered":"<p>15\/05\/2018 Edith Jimenez Reynosa, Tam.-Ante al problema de basura que afecta a la ciudad y debido a la escasa cultura&hellip;<\/p>\n","protected":false},"author":1,"featured_media":26784,"comment_status":"closed","ping_status":"closed","sticky":false,"template":"","format":"standard","meta":{"footnotes":""},"categories":[1,2],"tags":[],"class_list":["post-26781","post","type-post","status-publish","format-standard","has-post-thumbnail","hentry","category-destacados","category-reynosa"],"_links":{"self":[{"href":"http:\/\/www.alertaciudadana.info\/index.php?rest_route=\/wp\/v2\/posts\/26781","targetHints":{"allow":["GET"]}}],"collection":[{"href":"http:\/\/www.alertaciudadana.info\/index.php?rest_route=\/wp\/v2\/posts"}],"about":[{"href":"http:\/\/www.alertaciudadana.info\/index.php?rest_route=\/wp\/v2\/types\/post"}],"author":[{"embeddable":true,"href":"http:\/\/www.alertaciudadana.info\/index.php?rest_route=\/wp\/v2\/users\/1"}],"replies":[{"embeddable":true,"href":"http:\/\/www.alertaciudadana.info\/index.php?rest_route=%2Fwp%2Fv2%2Fcomments&post=26781"}],"version-history":[{"count":1,"href":"http:\/\/www.alertaciudadana.info\/index.php?rest_route=\/wp\/v2\/posts\/26781\/revisions"}],"predecessor-version":[{"id":26785,"href":"http:\/\/www.alertaciudadana.info\/index.php?rest_route=\/wp\/v2\/posts\/26781\/revisions\/26785"}],"wp:featuredmedia":[{"embeddable":true,"href":"http:\/\/www.alertaciudadana.info\/index.php?rest_route=\/wp\/v2\/media\/26784"}],"wp:attachment":[{"href":"http:\/\/www.alertaciudadana.info\/index.php?rest_route=%2Fwp%2Fv2%2Fmedia&parent=26781"}],"wp:term":[{"taxonomy":"category","embeddable":true,"href":"http:\/\/www.alertaciudadana.info\/index.php?rest_route=%2Fwp%2Fv2%2Fcategories&post=26781"},{"taxonomy":"post_tag","embeddable":true,"href":"http:\/\/www.alertaciudadana.info\/index.php?rest_route=%2Fwp%2Fv2%2Ftags&post=26781"}],"curies":[{"name":"wp","href":"https:\/\/api.w.org\/{rel}","templated":true}]}}