{"id":26114,"date":"2018-04-26T23:32:26","date_gmt":"2018-04-26T23:32:26","guid":{"rendered":"http:\/\/www.alertaciudadana.info\/?p=26114"},"modified":"2018-04-26T23:32:26","modified_gmt":"2018-04-26T23:32:26","slug":"muere-asaltante-en-atraco","status":"publish","type":"post","link":"http:\/\/www.alertaciudadana.info\/?p=26114","title":{"rendered":"Muere asaltante en atraco"},"content":{"rendered":"<h3 class=\"x_MsoNormal\">Por Sergio Favela<\/h3>\n<h3 class=\"x_MsoNormal\">Reynosa Tamaulipas.<\/h3>\n<h3 class=\"x_MsoNormal\">Las manecillas del reloj, marcaban pocos segundos despu\u00e9s de las 20:00horas, cuando en la central de radio de la Procuradur\u00eda General de Justicia, alertaban de sonido de disparos en el interior de un negocio con el giro ferretero.<\/h3>\n<h3 class=\"x_MsoNormal\">En el interior se encontraba el propietario de este negocio con la intenci\u00f3n de cerrar e ir a descansar despu\u00e9s de una jornada laboral, en ese momento se dispon\u00eda a hacer el \u00faltimo corte de caja.<\/h3>\n<h3 class=\"x_MsoNormal\">Al interior del negocio arribaron dos personas una del sexo masculino y otra del opuesto, con la intenci\u00f3n de robar la venta del d\u00eda, momento en que el due\u00f1o se encontraba dentro del mostrador, al grito de \u00abeste es un asalto\u00bb el presunto delincuente sac\u00f3 de entre sus ropas un arma de fuego para amenazar al due\u00f1o de la ferreter\u00eda.<\/h3>\n<h3 class=\"x_MsoNormal\">El due\u00f1o del negocio ubicado entre las calles Naranjos y Jazm\u00edn, de la colonia Jarachina norte, de entre su propiedad tambi\u00e9n sac\u00f3 un arma y en ese momento se inici\u00f3 un intercambio de balas en el interior del lugar.<\/h3>\n<h3 class=\"x_MsoNormal\">En pocos minutos el resultado del enfrentamiento entre asaltante y v\u00edctima, dej\u00f3 los resultados que m\u00e1s tarde dar\u00edan a conocer las autoridades, un asaltante sin vida que qued\u00f3 tendido en el lugar y dos lesionados, que fueron trasladados de emergencia al Hospital general, donde se encuentran en estado no grave.<\/h3>\n<h3 class=\"x_MsoNormal\">Mientras que en el lugar elementos del lugar se encargaban de terminar de levantar las pruebas criminal\u00edsticas para llevar a cabo las indagaciones correspondientes, hasta el momento el nombre del presunto delincuente se encuentra como N\/\/N.<\/h3>\n","protected":false},"excerpt":{"rendered":"<p>Por Sergio Favela Reynosa Tamaulipas. Las manecillas del reloj, marcaban pocos segundos despu\u00e9s de las 20:00horas, cuando en la central&hellip;<\/p>\n","protected":false},"author":1,"featured_media":24531,"comment_status":"closed","ping_status":"closed","sticky":false,"template":"","format":"standard","meta":{"footnotes":""},"categories":[1,8],"tags":[],"class_list":["post-26114","post","type-post","status-publish","format-standard","has-post-thumbnail","hentry","category-destacados","category-policiaca"],"_links":{"self":[{"href":"http:\/\/www.alertaciudadana.info\/index.php?rest_route=\/wp\/v2\/posts\/26114","targetHints":{"allow":["GET"]}}],"collection":[{"href":"http:\/\/www.alertaciudadana.info\/index.php?rest_route=\/wp\/v2\/posts"}],"about":[{"href":"http:\/\/www.alertaciudadana.info\/index.php?rest_route=\/wp\/v2\/types\/post"}],"author":[{"embeddable":true,"href":"http:\/\/www.alertaciudadana.info\/index.php?rest_route=\/wp\/v2\/users\/1"}],"replies":[{"embeddable":true,"href":"http:\/\/www.alertaciudadana.info\/index.php?rest_route=%2Fwp%2Fv2%2Fcomments&post=26114"}],"version-history":[{"count":1,"href":"http:\/\/www.alertaciudadana.info\/index.php?rest_route=\/wp\/v2\/posts\/26114\/revisions"}],"predecessor-version":[{"id":26115,"href":"http:\/\/www.alertaciudadana.info\/index.php?rest_route=\/wp\/v2\/posts\/26114\/revisions\/26115"}],"wp:featuredmedia":[{"embeddable":true,"href":"http:\/\/www.alertaciudadana.info\/index.php?rest_route=\/wp\/v2\/media\/24531"}],"wp:attachment":[{"href":"http:\/\/www.alertaciudadana.info\/index.php?rest_route=%2Fwp%2Fv2%2Fmedia&parent=26114"}],"wp:term":[{"taxonomy":"category","embeddable":true,"href":"http:\/\/www.alertaciudadana.info\/index.php?rest_route=%2Fwp%2Fv2%2Fcategories&post=26114"},{"taxonomy":"post_tag","embeddable":true,"href":"http:\/\/www.alertaciudadana.info\/index.php?rest_route=%2Fwp%2Fv2%2Ftags&post=26114"}],"curies":[{"name":"wp","href":"https:\/\/api.w.org\/{rel}","templated":true}]}}