{"id":25152,"date":"2018-03-27T22:45:04","date_gmt":"2018-03-27T22:45:04","guid":{"rendered":"http:\/\/www.alertaciudadana.info\/?p=25152"},"modified":"2018-04-22T19:43:43","modified_gmt":"2018-04-22T19:43:43","slug":"entrega-gobernador-unidades-tacticas-mamba-y-patrullas","status":"publish","type":"post","link":"http:\/\/www.alertaciudadana.info\/?p=25152","title":{"rendered":"Entrega gobernador Unidades T\u00e1cticas Mamba y Patrullas"},"content":{"rendered":"<p><a href=\"http:\/\/www.alertaciudadana.info\/wp-content\/uploads\/2018\/03\/TAM-064-2018.-Entrega-gobernador-Unidades-T\u00e1cticas-Mamba-y-Patrullas-para-Polic\u00eda-de-Proximidad-en-Ciudad-Victoria-01.jpg\" rel=\"attachment wp-att-25153\"><img loading=\"lazy\" decoding=\"async\" class=\"alignnone size-medium wp-image-25153\" src=\"http:\/\/www.alertaciudadana.info\/wp-content\/uploads\/2018\/03\/TAM-064-2018.-Entrega-gobernador-Unidades-T\u00e1cticas-Mamba-y-Patrullas-para-Polic\u00eda-de-Proximidad-en-Ciudad-Victoria-01-300x200.jpg\" alt=\"TAM-064-2018.-Entrega-gobernador-Unidades-T\u00e1cticas-Mamba-y-Patrullas-para-Polic\u00eda-de-Proximidad-en-Ciudad-Victoria-01\" width=\"300\" height=\"200\" srcset=\"http:\/\/www.alertaciudadana.info\/wp-content\/uploads\/2018\/03\/TAM-064-2018.-Entrega-gobernador-Unidades-T\u00e1cticas-Mamba-y-Patrullas-para-Polic\u00eda-de-Proximidad-en-Ciudad-Victoria-01-300x200.jpg 300w, http:\/\/www.alertaciudadana.info\/wp-content\/uploads\/2018\/03\/TAM-064-2018.-Entrega-gobernador-Unidades-T\u00e1cticas-Mamba-y-Patrullas-para-Polic\u00eda-de-Proximidad-en-Ciudad-Victoria-01-768x511.jpg 768w, http:\/\/www.alertaciudadana.info\/wp-content\/uploads\/2018\/03\/TAM-064-2018.-Entrega-gobernador-Unidades-T\u00e1cticas-Mamba-y-Patrullas-para-Polic\u00eda-de-Proximidad-en-Ciudad-Victoria-01-1024x681.jpg 1024w, http:\/\/www.alertaciudadana.info\/wp-content\/uploads\/2018\/03\/TAM-064-2018.-Entrega-gobernador-Unidades-T\u00e1cticas-Mamba-y-Patrullas-para-Polic\u00eda-de-Proximidad-en-Ciudad-Victoria-01.jpg 1200w\" sizes=\"auto, (max-width: 300px) 100vw, 300px\" \/><\/a> <a href=\"http:\/\/www.alertaciudadana.info\/wp-content\/uploads\/2018\/03\/TAM-064-2018.-Entrega-gobernador-Unidades-T\u00e1cticas-Mamba-y-Patrullas-para-Polic\u00eda-de-Proximidad-en-Ciudad-Victoria-4.jpg\" rel=\"attachment wp-att-25154\"><img loading=\"lazy\" decoding=\"async\" class=\"alignnone size-medium wp-image-25154\" src=\"http:\/\/www.alertaciudadana.info\/wp-content\/uploads\/2018\/03\/TAM-064-2018.-Entrega-gobernador-Unidades-T\u00e1cticas-Mamba-y-Patrullas-para-Polic\u00eda-de-Proximidad-en-Ciudad-Victoria-4-300x151.jpg\" alt=\"TAM-064-2018.-Entrega-gobernador-Unidades-T\u00e1cticas-Mamba-y-Patrullas-para-Polic\u00eda-de-Proximidad-en-Ciudad-Victoria-4\" width=\"300\" height=\"151\" srcset=\"http:\/\/www.alertaciudadana.info\/wp-content\/uploads\/2018\/03\/TAM-064-2018.-Entrega-gobernador-Unidades-T\u00e1cticas-Mamba-y-Patrullas-para-Polic\u00eda-de-Proximidad-en-Ciudad-Victoria-4-300x151.jpg 300w, http:\/\/www.alertaciudadana.info\/wp-content\/uploads\/2018\/03\/TAM-064-2018.-Entrega-gobernador-Unidades-T\u00e1cticas-Mamba-y-Patrullas-para-Polic\u00eda-de-Proximidad-en-Ciudad-Victoria-4-768x386.jpg 768w, http:\/\/www.alertaciudadana.info\/wp-content\/uploads\/2018\/03\/TAM-064-2018.-Entrega-gobernador-Unidades-T\u00e1cticas-Mamba-y-Patrullas-para-Polic\u00eda-de-Proximidad-en-Ciudad-Victoria-4-1024x515.jpg 1024w, http:\/\/www.alertaciudadana.info\/wp-content\/uploads\/2018\/03\/TAM-064-2018.-Entrega-gobernador-Unidades-T\u00e1cticas-Mamba-y-Patrullas-para-Polic\u00eda-de-Proximidad-en-Ciudad-Victoria-4.jpg 1195w\" sizes=\"auto, (max-width: 300px) 100vw, 300px\" \/><\/a><\/p>\n<p>27\/03\/2018<\/p>\n<p>Edith Jimenez<\/p>\n<h3>Ciudad Victoria, Tam.- Como parte de su compromiso de atender el tema de seguridad, el Gobernador Francisco Garc\u00eda Cabeza de Vaca, hizo entrega de 20 patrullas para la Polic\u00eda de Proximidad y 3 unidades t\u00e1cticas militarizadas para el Grupo de Fuerzas Especiales de la Secretar\u00eda de Seguridad P\u00fablica, veh\u00edculos que contribuir\u00e1n en el cumplimiento de las labores de patrullaje en el municipio de Victoria.<\/h3>\n<h3>Con estas 20 unidades, tipo Chargers, la Polic\u00eda de Proximidad incrementar\u00e1 su presencia en la capital del Estado, en apoyo a los visitantes y a los tamaulipecos, fortaleciendo la cercan\u00eda con los ciudadanos generando confianza con un contacto directo.<\/h3>\n<h3>Las unidades militarizadas permitir\u00e1n a los elementos estatales realizar operativos de inteligencia con mayor protecci\u00f3n, al contar con un blindaje superior que les permita ingresar a zonas urbanas y rurales con mayor seguridad.<\/h3>\n<h3>En el evento que se llev\u00f3 a cabo en el Complejo Estatal de Seguridad P\u00fablica, el mandatario estatal estuvo acompa\u00f1ado por autoridades de los 3 niveles de Gobierno, representantes de la Sociedad Civil y el Alcalde de Victoria, \u00d3scar Almaraz Smer.<\/h3>\n<h3>\u201cMi gobierno est\u00e1 empe\u00f1ado por hacer todo lo que sea posible para restablecer el orden, la paz y el estado de derecho, y muestra de ello es la entrega de estos veh\u00edculos el d\u00eda de hoy, y aprovech\u00f3 tambi\u00e9n para reiterar y refrendar el compromiso que tengo con todos y cada y uno de los elementos de la Polic\u00eda Estatal en Tamaulipas, equipo operativo y administrativo, como tambi\u00e9n de la Procuradur\u00eda General de Justicia\u201d, expres\u00f3 Garc\u00eda Cabeza de Vaca.<\/h3>\n<h3>Por su parte el Secretario de Seguridad P\u00fablica, Contralmirante Augusto Cruz Morales, destac\u00f3 el esfuerzo del Gobierno del Estado, para fortalecer y consolidar a la instituci\u00f3n, dotando de m\u00e1s y mejor equipo, que favorecer\u00e1 la operaci\u00f3n y mejorar\u00e1 el desempe\u00f1o de los Polic\u00edas Estatales.<\/h3>\n<h3>\u201cLa seguridad es un trabajo en conjunto entre la sociedad y gobierno. Nosotros como autoridades debemos ganarnos la confianza de los ciudadanos y los ciudadanos comprometerse con su comunidad, porque sin su participaci\u00f3n no ser\u00eda posible mantener el orden y generar el bienestar social que todos tanto anhelamos\u201d.<\/h3>\n<h3>En la m\u00e1s reciente semana, el Gobernador ha hecho entrega de 70 patrullas para la Polic\u00eda Estatal, a la que se han incorporado tambi\u00e9n 171 elementos.<\/h3>\n","protected":false},"excerpt":{"rendered":"<p>27\/03\/2018 Edith Jimenez Ciudad Victoria, Tam.- Como parte de su compromiso de atender el tema de seguridad, el Gobernador Francisco&hellip;<\/p>\n","protected":false},"author":1,"featured_media":25153,"comment_status":"closed","ping_status":"closed","sticky":false,"template":"","format":"standard","meta":{"footnotes":""},"categories":[16,1,4],"tags":[],"class_list":["post-25152","post","type-post","status-publish","format-standard","has-post-thumbnail","hentry","category-ciudadvictoria","category-destacados","category-tamaulipas"],"_links":{"self":[{"href":"http:\/\/www.alertaciudadana.info\/index.php?rest_route=\/wp\/v2\/posts\/25152","targetHints":{"allow":["GET"]}}],"collection":[{"href":"http:\/\/www.alertaciudadana.info\/index.php?rest_route=\/wp\/v2\/posts"}],"about":[{"href":"http:\/\/www.alertaciudadana.info\/index.php?rest_route=\/wp\/v2\/types\/post"}],"author":[{"embeddable":true,"href":"http:\/\/www.alertaciudadana.info\/index.php?rest_route=\/wp\/v2\/users\/1"}],"replies":[{"embeddable":true,"href":"http:\/\/www.alertaciudadana.info\/index.php?rest_route=%2Fwp%2Fv2%2Fcomments&post=25152"}],"version-history":[{"count":3,"href":"http:\/\/www.alertaciudadana.info\/index.php?rest_route=\/wp\/v2\/posts\/25152\/revisions"}],"predecessor-version":[{"id":25925,"href":"http:\/\/www.alertaciudadana.info\/index.php?rest_route=\/wp\/v2\/posts\/25152\/revisions\/25925"}],"wp:featuredmedia":[{"embeddable":true,"href":"http:\/\/www.alertaciudadana.info\/index.php?rest_route=\/wp\/v2\/media\/25153"}],"wp:attachment":[{"href":"http:\/\/www.alertaciudadana.info\/index.php?rest_route=%2Fwp%2Fv2%2Fmedia&parent=25152"}],"wp:term":[{"taxonomy":"category","embeddable":true,"href":"http:\/\/www.alertaciudadana.info\/index.php?rest_route=%2Fwp%2Fv2%2Fcategories&post=25152"},{"taxonomy":"post_tag","embeddable":true,"href":"http:\/\/www.alertaciudadana.info\/index.php?rest_route=%2Fwp%2Fv2%2Ftags&post=25152"}],"curies":[{"name":"wp","href":"https:\/\/api.w.org\/{rel}","templated":true}]}}