{"id":25088,"date":"2018-03-27T16:22:33","date_gmt":"2018-03-27T16:22:33","guid":{"rendered":"http:\/\/www.alertaciudadana.info\/?p=25088"},"modified":"2018-03-27T16:22:33","modified_gmt":"2018-03-27T16:22:33","slug":"cae-un-asesino-de-los-43-desaparecidos","status":"publish","type":"post","link":"http:\/\/www.alertaciudadana.info\/?p=25088","title":{"rendered":"Cae un asesino de los 43 desaparecidos"},"content":{"rendered":"<h3><a href=\"http:\/\/www.alertaciudadana.info\/wp-content\/uploads\/2018\/03\/2-6.jpg\" rel=\"attachment wp-att-25089\"><img loading=\"lazy\" decoding=\"async\" class=\"alignnone size-medium wp-image-25089\" src=\"http:\/\/www.alertaciudadana.info\/wp-content\/uploads\/2018\/03\/2-6-300x200.jpg\" alt=\"2\" width=\"300\" height=\"200\" srcset=\"http:\/\/www.alertaciudadana.info\/wp-content\/uploads\/2018\/03\/2-6-300x200.jpg 300w, http:\/\/www.alertaciudadana.info\/wp-content\/uploads\/2018\/03\/2-6-768x512.jpg 768w, http:\/\/www.alertaciudadana.info\/wp-content\/uploads\/2018\/03\/2-6-1024x682.jpg 1024w, http:\/\/www.alertaciudadana.info\/wp-content\/uploads\/2018\/03\/2-6.jpg 1400w\" sizes=\"auto, (max-width: 300px) 100vw, 300px\" \/><\/a><\/h3>\n<h3>NACIONAL.-Un hombre que habr\u00eda tenido una participaci\u00f3n \u00abdecisiva\u00bb en la desaparici\u00f3n en M\u00e9xico de 43 estudiantes de una escuela magisterio, un caso que estremeci\u00f3 el pa\u00eds en 2014, fue detenido por la polic\u00eda, inform\u00f3 este lunes la fiscal\u00eda general.<\/h3>\n<h3>El sospechoso, identificado como Erick Uriel &#8216;N&#8217;, \u00abes se\u00f1alado dentro de la investigaci\u00f3n del caso como uno de los sujetos que tuvo una intervenci\u00f3n decisiva en los hechos en contra de los estudiantes normalistas\u00bb, dijo a periodistas Alfredo Higuera, titular de la oficina de investigaci\u00f3n del Caso Iguala de la fiscal\u00eda.<\/h3>\n<h3>El detenido est\u00e1 acusado de integrar el cartel Guerreros Unidos, se\u00f1alado como el responsable directo de la desaparici\u00f3n y probable asesinato de los j\u00f3venes.<\/h3>\n<h3>La noche del 26 de septiembre de 2014, 43 estudiantes de la escuela de magisterio de Ayotzinapa, en el convulso estado de Guerrero, fueron detenidos por polic\u00edas de la ciudad de Iguala ligados a criminales y entregados a miembros de Guerreros Unidos, un caso que desat\u00f3 una condena internacional. En \u00abmomentos posteriores a esos acontecimientos en las calles de Iguala\u00bb, el detenido \u00abhabr\u00eda tenido contacto directo con los estudiantes que desde ese entonces est\u00e1n considerados como desaparecidos\u00bb, agreg\u00f3 Higuera.<\/h3>\n<h3>Erick Uriel &#8216;N&#8217;, acusado de delincuencia organizada y secuestro, es uno de cinco individuos por los que las autoridades mexicanas ofrec\u00edan una recompensa de 1,5 millones de pesos (80.700 d\u00f3lares) como parte de la investigaci\u00f3n de este caso, precis\u00f3 Higuera.<\/h3>\n<h3>Seg\u00fan la fiscal\u00eda federal, los 43 chicos habr\u00edan sido asesinados, sus cuerpos incinerados y las cenizas arrojadas a un r\u00edo. Pero expertos independientes de la Comisi\u00f3n Interamericana de Derechos Humanos han puesto en duda esa versi\u00f3n.<\/h3>\n<h3>Guerrero es uno de los estados m\u00e1s violentos de M\u00e9xico por la presencia de c\u00e1rteles de las drogas. Desde diciembre de 2006, cuando el gobierno lanz\u00f3 un pol\u00e9mico operativo militar antidrogas, se han registrado m\u00e1s de 200.000 asesinatos y miles de desapariciones, seg\u00fan cifras oficiales que no precisan cu\u00e1ntos de estos cr\u00edmenes est\u00e1n relacionados con el combate a la delincuencia organizada.<\/h3>\n","protected":false},"excerpt":{"rendered":"<p>NACIONAL.-Un hombre que habr\u00eda tenido una participaci\u00f3n \u00abdecisiva\u00bb en la desaparici\u00f3n en M\u00e9xico de 43 estudiantes de una escuela magisterio,&hellip;<\/p>\n","protected":false},"author":1,"featured_media":25089,"comment_status":"closed","ping_status":"closed","sticky":false,"template":"","format":"standard","meta":{"footnotes":""},"categories":[1,5],"tags":[],"class_list":["post-25088","post","type-post","status-publish","format-standard","has-post-thumbnail","hentry","category-destacados","category-nacional"],"_links":{"self":[{"href":"http:\/\/www.alertaciudadana.info\/index.php?rest_route=\/wp\/v2\/posts\/25088","targetHints":{"allow":["GET"]}}],"collection":[{"href":"http:\/\/www.alertaciudadana.info\/index.php?rest_route=\/wp\/v2\/posts"}],"about":[{"href":"http:\/\/www.alertaciudadana.info\/index.php?rest_route=\/wp\/v2\/types\/post"}],"author":[{"embeddable":true,"href":"http:\/\/www.alertaciudadana.info\/index.php?rest_route=\/wp\/v2\/users\/1"}],"replies":[{"embeddable":true,"href":"http:\/\/www.alertaciudadana.info\/index.php?rest_route=%2Fwp%2Fv2%2Fcomments&post=25088"}],"version-history":[{"count":1,"href":"http:\/\/www.alertaciudadana.info\/index.php?rest_route=\/wp\/v2\/posts\/25088\/revisions"}],"predecessor-version":[{"id":25090,"href":"http:\/\/www.alertaciudadana.info\/index.php?rest_route=\/wp\/v2\/posts\/25088\/revisions\/25090"}],"wp:featuredmedia":[{"embeddable":true,"href":"http:\/\/www.alertaciudadana.info\/index.php?rest_route=\/wp\/v2\/media\/25089"}],"wp:attachment":[{"href":"http:\/\/www.alertaciudadana.info\/index.php?rest_route=%2Fwp%2Fv2%2Fmedia&parent=25088"}],"wp:term":[{"taxonomy":"category","embeddable":true,"href":"http:\/\/www.alertaciudadana.info\/index.php?rest_route=%2Fwp%2Fv2%2Fcategories&post=25088"},{"taxonomy":"post_tag","embeddable":true,"href":"http:\/\/www.alertaciudadana.info\/index.php?rest_route=%2Fwp%2Fv2%2Ftags&post=25088"}],"curies":[{"name":"wp","href":"https:\/\/api.w.org\/{rel}","templated":true}]}}