{"id":24872,"date":"2018-03-22T17:51:32","date_gmt":"2018-03-22T17:51:32","guid":{"rendered":"http:\/\/www.alertaciudadana.info\/?p=24872"},"modified":"2018-03-22T17:51:32","modified_gmt":"2018-03-22T17:51:32","slug":"detienen-a-homicida-en-matamoros","status":"publish","type":"post","link":"http:\/\/www.alertaciudadana.info\/?p=24872","title":{"rendered":"Detienen a homicida en Matamoros"},"content":{"rendered":"<h3><a href=\"http:\/\/www.alertaciudadana.info\/wp-content\/uploads\/2018\/03\/4-1.jpg\" rel=\"attachment wp-att-24873\"><img loading=\"lazy\" decoding=\"async\" class=\"alignnone size-medium wp-image-24873\" src=\"http:\/\/www.alertaciudadana.info\/wp-content\/uploads\/2018\/03\/4-1-239x300.jpg\" alt=\"4\" width=\"239\" height=\"300\" srcset=\"http:\/\/www.alertaciudadana.info\/wp-content\/uploads\/2018\/03\/4-1-239x300.jpg 239w, http:\/\/www.alertaciudadana.info\/wp-content\/uploads\/2018\/03\/4-1.jpg 420w\" sizes=\"auto, (max-width: 239px) 100vw, 239px\" \/><\/a><\/h3>\n<h3>Matamoros, Tamaulipas.- La Procuradur\u00eda General de Justicia de Tamaulipas informa que fue detenido, y puesto a disposici\u00f3n de un Juez de Control, Luis Miguel \u201cN\u201d por el delito de homicidio calificado.<\/h3>\n<h3>El imputado est\u00e1 relacionado con el homicidio de un hombre, hechos ocurridos el pasado s\u00e1bado 17 de marzo, en la colonia Euzkadi, de este municipio fronterizo, por lo que el Juez de Control calific\u00f3 de legal la detenci\u00f3n y celebr\u00f3 Audiencia inicial, determinando dos a\u00f1os de prisi\u00f3n preventiva como lo solicit\u00f3 la Fiscal\u00eda. A petici\u00f3n de la defensa el Juez concedi\u00f3 duplicidad de termino, por lo que la Audiencia de vinculaci\u00f3n a proceso se efectuar\u00e1 el pr\u00f3ximo viernes 23 de marzo a las 8:30 de la ma\u00f1ana.<\/h3>\n<h3>El Gobierno de Tamaulipas, a trav\u00e9s de la Procuradur\u00eda General de Justicia de Tamaulipas, refrenda su compromiso de utilizar los recursos jur\u00eddicos a su alcance para perseguir y castigar a quienes vulneran la paz y tranquilidad de los tamaulipecos.<\/h3>\n","protected":false},"excerpt":{"rendered":"<p>Matamoros, Tamaulipas.- La Procuradur\u00eda General de Justicia de Tamaulipas informa que fue detenido, y puesto a disposici\u00f3n de un Juez&hellip;<\/p>\n","protected":false},"author":1,"featured_media":24873,"comment_status":"closed","ping_status":"closed","sticky":false,"template":"","format":"standard","meta":{"footnotes":""},"categories":[1,13],"tags":[],"class_list":["post-24872","post","type-post","status-publish","format-standard","has-post-thumbnail","hentry","category-destacados","category-matamoros"],"_links":{"self":[{"href":"http:\/\/www.alertaciudadana.info\/index.php?rest_route=\/wp\/v2\/posts\/24872","targetHints":{"allow":["GET"]}}],"collection":[{"href":"http:\/\/www.alertaciudadana.info\/index.php?rest_route=\/wp\/v2\/posts"}],"about":[{"href":"http:\/\/www.alertaciudadana.info\/index.php?rest_route=\/wp\/v2\/types\/post"}],"author":[{"embeddable":true,"href":"http:\/\/www.alertaciudadana.info\/index.php?rest_route=\/wp\/v2\/users\/1"}],"replies":[{"embeddable":true,"href":"http:\/\/www.alertaciudadana.info\/index.php?rest_route=%2Fwp%2Fv2%2Fcomments&post=24872"}],"version-history":[{"count":1,"href":"http:\/\/www.alertaciudadana.info\/index.php?rest_route=\/wp\/v2\/posts\/24872\/revisions"}],"predecessor-version":[{"id":24874,"href":"http:\/\/www.alertaciudadana.info\/index.php?rest_route=\/wp\/v2\/posts\/24872\/revisions\/24874"}],"wp:featuredmedia":[{"embeddable":true,"href":"http:\/\/www.alertaciudadana.info\/index.php?rest_route=\/wp\/v2\/media\/24873"}],"wp:attachment":[{"href":"http:\/\/www.alertaciudadana.info\/index.php?rest_route=%2Fwp%2Fv2%2Fmedia&parent=24872"}],"wp:term":[{"taxonomy":"category","embeddable":true,"href":"http:\/\/www.alertaciudadana.info\/index.php?rest_route=%2Fwp%2Fv2%2Fcategories&post=24872"},{"taxonomy":"post_tag","embeddable":true,"href":"http:\/\/www.alertaciudadana.info\/index.php?rest_route=%2Fwp%2Fv2%2Ftags&post=24872"}],"curies":[{"name":"wp","href":"https:\/\/api.w.org\/{rel}","templated":true}]}}