{"id":24857,"date":"2018-03-22T16:11:42","date_gmt":"2018-03-22T16:11:42","guid":{"rendered":"http:\/\/www.alertaciudadana.info\/?p=24857"},"modified":"2018-04-02T20:47:39","modified_gmt":"2018-04-02T20:47:39","slug":"entrega-gobernador-42-patullas-a-reynosa","status":"publish","type":"post","link":"http:\/\/www.alertaciudadana.info\/?p=24857","title":{"rendered":"Entrega gobernador 42 patrullas a Reynosa"},"content":{"rendered":"<h3><a href=\"http:\/\/www.alertaciudadana.info\/wp-content\/uploads\/2018\/03\/WaterMark_2018-03-22-11-07-55.jpg\" rel=\"attachment wp-att-24858\"><img loading=\"lazy\" decoding=\"async\" class=\"alignnone size-medium wp-image-24858\" src=\"http:\/\/www.alertaciudadana.info\/wp-content\/uploads\/2018\/03\/WaterMark_2018-03-22-11-07-55-300x225.jpg\" alt=\"WaterMark_2018-03-22-11-07-55\" width=\"300\" height=\"225\" srcset=\"http:\/\/www.alertaciudadana.info\/wp-content\/uploads\/2018\/03\/WaterMark_2018-03-22-11-07-55-300x225.jpg 300w, http:\/\/www.alertaciudadana.info\/wp-content\/uploads\/2018\/03\/WaterMark_2018-03-22-11-07-55-768x576.jpg 768w, http:\/\/www.alertaciudadana.info\/wp-content\/uploads\/2018\/03\/WaterMark_2018-03-22-11-07-55-1024x768.jpg 1024w, http:\/\/www.alertaciudadana.info\/wp-content\/uploads\/2018\/03\/WaterMark_2018-03-22-11-07-55.jpg 1080w\" sizes=\"auto, (max-width: 300px) 100vw, 300px\" \/><\/a> <a href=\"http:\/\/www.alertaciudadana.info\/wp-content\/uploads\/2018\/03\/WaterMark_2018-03-22-11-07-41.jpg\" rel=\"attachment wp-att-24859\"><img loading=\"lazy\" decoding=\"async\" class=\"alignnone size-medium wp-image-24859\" src=\"http:\/\/www.alertaciudadana.info\/wp-content\/uploads\/2018\/03\/WaterMark_2018-03-22-11-07-41-300x225.jpg\" alt=\"WaterMark_2018-03-22-11-07-41\" width=\"300\" height=\"225\" srcset=\"http:\/\/www.alertaciudadana.info\/wp-content\/uploads\/2018\/03\/WaterMark_2018-03-22-11-07-41-300x225.jpg 300w, http:\/\/www.alertaciudadana.info\/wp-content\/uploads\/2018\/03\/WaterMark_2018-03-22-11-07-41-768x576.jpg 768w, http:\/\/www.alertaciudadana.info\/wp-content\/uploads\/2018\/03\/WaterMark_2018-03-22-11-07-41-1024x768.jpg 1024w, http:\/\/www.alertaciudadana.info\/wp-content\/uploads\/2018\/03\/WaterMark_2018-03-22-11-07-41.jpg 1080w\" sizes=\"auto, (max-width: 300px) 100vw, 300px\" \/><\/a> <a href=\"http:\/\/www.alertaciudadana.info\/wp-content\/uploads\/2018\/03\/WaterMark_2018-03-22-11-07-19.jpg\" rel=\"attachment wp-att-24860\"><img loading=\"lazy\" decoding=\"async\" class=\"alignnone size-medium wp-image-24860\" src=\"http:\/\/www.alertaciudadana.info\/wp-content\/uploads\/2018\/03\/WaterMark_2018-03-22-11-07-19-300x225.jpg\" alt=\"WaterMark_2018-03-22-11-07-19\" width=\"300\" height=\"225\" srcset=\"http:\/\/www.alertaciudadana.info\/wp-content\/uploads\/2018\/03\/WaterMark_2018-03-22-11-07-19-300x225.jpg 300w, http:\/\/www.alertaciudadana.info\/wp-content\/uploads\/2018\/03\/WaterMark_2018-03-22-11-07-19-768x576.jpg 768w, http:\/\/www.alertaciudadana.info\/wp-content\/uploads\/2018\/03\/WaterMark_2018-03-22-11-07-19-1024x768.jpg 1024w, http:\/\/www.alertaciudadana.info\/wp-content\/uploads\/2018\/03\/WaterMark_2018-03-22-11-07-19.jpg 1080w\" sizes=\"auto, (max-width: 300px) 100vw, 300px\" \/><\/a><\/h3>\n<h3>22\/03\/2018<\/h3>\n<h3>Javier Izaguirre\/ Edith Jimenez<\/h3>\n<h3>Reynosa Tam.El Gobernador del Estado, Francisco Javier Garc\u00eda Cabeza de Vaca entreg\u00f3 el d\u00eda de hoy 42 patrullas de la Polic\u00eda estatal, con la finalidad de hacer una polic\u00eda de aproximadas la cual atender\u00e1 el llamado de la ciudadan\u00eda.<\/h3>\n<h3>Mencionando que est\u00e1 polic\u00eda es muy importante, ya que estar a atendiendo el llamado de quienes tengan alguna denuncia en sus hogares, ya sea de robo, golpes a la Muejer, o en su defecto si alguien ronda las viviendas de modo sospechoso.<\/h3>\n<h3>Con un promedio de 84 elementos policiacos ser\u00e1 que estas est\u00e9n dando atenci\u00f3n a la ciudadan\u00eda, los rondines de vigilancia se aran notorios ya que la misma ciudadan\u00eda, ya lo estaba pidiendo al aumentar los delitos de robo en casa-habitaci\u00f3n.<\/h3>\n<h3>Con esto, el Gobernador del estado refrenda su compromiso Con la comunidad Tamaulipeca, Mencionando que tambi\u00e9n estar\u00e1n dando auxilio carretero que no tendr\u00e1 ning\u00fan costo para la ciudadan\u00eda.<\/h3>\n","protected":false},"excerpt":{"rendered":"<p>22\/03\/2018 Javier Izaguirre\/ Edith Jimenez Reynosa Tam.El Gobernador del Estado, Francisco Javier Garc\u00eda Cabeza de Vaca entreg\u00f3 el d\u00eda de&hellip;<\/p>\n","protected":false},"author":1,"featured_media":24859,"comment_status":"closed","ping_status":"closed","sticky":false,"template":"","format":"standard","meta":{"footnotes":""},"categories":[1,2],"tags":[],"class_list":["post-24857","post","type-post","status-publish","format-standard","has-post-thumbnail","hentry","category-destacados","category-reynosa"],"_links":{"self":[{"href":"http:\/\/www.alertaciudadana.info\/index.php?rest_route=\/wp\/v2\/posts\/24857","targetHints":{"allow":["GET"]}}],"collection":[{"href":"http:\/\/www.alertaciudadana.info\/index.php?rest_route=\/wp\/v2\/posts"}],"about":[{"href":"http:\/\/www.alertaciudadana.info\/index.php?rest_route=\/wp\/v2\/types\/post"}],"author":[{"embeddable":true,"href":"http:\/\/www.alertaciudadana.info\/index.php?rest_route=\/wp\/v2\/users\/1"}],"replies":[{"embeddable":true,"href":"http:\/\/www.alertaciudadana.info\/index.php?rest_route=%2Fwp%2Fv2%2Fcomments&post=24857"}],"version-history":[{"count":3,"href":"http:\/\/www.alertaciudadana.info\/index.php?rest_route=\/wp\/v2\/posts\/24857\/revisions"}],"predecessor-version":[{"id":25313,"href":"http:\/\/www.alertaciudadana.info\/index.php?rest_route=\/wp\/v2\/posts\/24857\/revisions\/25313"}],"wp:featuredmedia":[{"embeddable":true,"href":"http:\/\/www.alertaciudadana.info\/index.php?rest_route=\/wp\/v2\/media\/24859"}],"wp:attachment":[{"href":"http:\/\/www.alertaciudadana.info\/index.php?rest_route=%2Fwp%2Fv2%2Fmedia&parent=24857"}],"wp:term":[{"taxonomy":"category","embeddable":true,"href":"http:\/\/www.alertaciudadana.info\/index.php?rest_route=%2Fwp%2Fv2%2Fcategories&post=24857"},{"taxonomy":"post_tag","embeddable":true,"href":"http:\/\/www.alertaciudadana.info\/index.php?rest_route=%2Fwp%2Fv2%2Ftags&post=24857"}],"curies":[{"name":"wp","href":"https:\/\/api.w.org\/{rel}","templated":true}]}}