{"id":24568,"date":"2018-03-14T18:51:56","date_gmt":"2018-03-14T18:51:56","guid":{"rendered":"http:\/\/www.alertaciudadana.info\/?p=24568"},"modified":"2018-03-14T18:51:56","modified_gmt":"2018-03-14T18:51:56","slug":"semana-de-vacunacion-antirrabica","status":"publish","type":"post","link":"http:\/\/www.alertaciudadana.info\/?p=24568","title":{"rendered":"Semana de vacunaci\u00f3n antirr\u00e1bica"},"content":{"rendered":"<p class=\"x_MsoNormal\"><a href=\"http:\/\/www.alertaciudadana.info\/wp-content\/uploads\/2018\/03\/thumbnail_936c468d-0dfa-4f5e-ac27-0e7f0f016756.jpg\" rel=\"attachment wp-att-24569\"><img loading=\"lazy\" decoding=\"async\" class=\"alignnone size-medium wp-image-24569\" src=\"http:\/\/www.alertaciudadana.info\/wp-content\/uploads\/2018\/03\/thumbnail_936c468d-0dfa-4f5e-ac27-0e7f0f016756-300x169.jpg\" alt=\"thumbnail_936c468d-0dfa-4f5e-ac27-0e7f0f016756\" width=\"300\" height=\"169\" srcset=\"http:\/\/www.alertaciudadana.info\/wp-content\/uploads\/2018\/03\/thumbnail_936c468d-0dfa-4f5e-ac27-0e7f0f016756-300x169.jpg 300w, http:\/\/www.alertaciudadana.info\/wp-content\/uploads\/2018\/03\/thumbnail_936c468d-0dfa-4f5e-ac27-0e7f0f016756-768x432.jpg 768w, http:\/\/www.alertaciudadana.info\/wp-content\/uploads\/2018\/03\/thumbnail_936c468d-0dfa-4f5e-ac27-0e7f0f016756-1024x576.jpg 1024w, http:\/\/www.alertaciudadana.info\/wp-content\/uploads\/2018\/03\/thumbnail_936c468d-0dfa-4f5e-ac27-0e7f0f016756.jpg 1280w\" sizes=\"auto, (max-width: 300px) 100vw, 300px\" \/><\/a><\/p>\n<h3 class=\"x_MsoNormal\">Por Sergio Favela<\/h3>\n<h3 class=\"x_MsoNormal\">Reynosa Tamaulipas.<\/h3>\n<h3 class=\"x_MsoNormal\">El departamento de antirr\u00e1bico de la ciudad de Reynosa, dio inicio este pasado once de marzo a la semana de vacunaci\u00f3n antirr\u00e1bico, programa donde se llevaran a cabo acciones de esterilizaci\u00f3n.<\/h3>\n<h3 class=\"x_MsoNormal\">Maricruz Prado Espinoza, titular del departamento de antirr\u00e1bico en la jurisdicci\u00f3n sanitaria n\u00famero 4 de la ciudad de Reynosa, inform\u00f3 que esta acci\u00f3n ser\u00e1 durante una semana aunque siempre se pueden acercar los ciudadanos a vacunar a sus animales y aprovechar para la esterilizaci\u00f3n de los mismos.<\/h3>\n<h3 class=\"x_MsoNormal\">\u201ctenemos programada una meta de 30 mil ochocientas seis vacunas, lo lograremos con la participaci\u00f3n de la ciudadan\u00eda, estaremos aqu\u00ed en las instalaciones y tambi\u00e9n se visitara a domicilio por parte del personal, es muy importante que los residentes verifiquen que las personas que asistan a sus casas a vacunar a sus animales, les muestren su gafete y no tiene ning\u00fan costo es completamente gratis \u201capunt\u00f3 Prado Espinoza.<\/h3>\n<h3 class=\"x_MsoNormal\">A\u00f1adi\u00f3 que en las instalaciones se encuentran algunos perritos y gatos que se entregan en adopci\u00f3n, siempre y cuando cumplan con los requisitos de la din\u00e1mica que se requiere por parte del departamento de antirr\u00e1bico.<\/h3>\n<h3 class=\"x_MsoNormal\">La problem\u00e1tica que vive Reynosa, con los perros que son abandonados y se vuelven callejeros incluso algunas veces han mordido a las personas, declar\u00f3 la titular\u00a0 que se trata de la falta de cultura por los ciudadanos que al adoptar un perrito solo lo quieren mientras est\u00e1 peque\u00f1o, pero al crecer este lo abandonan y habido casos en que los vecinos los llevan a la esterilizaci\u00f3n para que de esta manera haya menos crecimiento de estos.<\/h3>\n","protected":false},"excerpt":{"rendered":"<p>Por Sergio Favela Reynosa Tamaulipas. El departamento de antirr\u00e1bico de la ciudad de Reynosa, dio inicio este pasado once de&hellip;<\/p>\n","protected":false},"author":1,"featured_media":24569,"comment_status":"closed","ping_status":"closed","sticky":false,"template":"","format":"standard","meta":{"footnotes":""},"categories":[1,2],"tags":[],"class_list":["post-24568","post","type-post","status-publish","format-standard","has-post-thumbnail","hentry","category-destacados","category-reynosa"],"_links":{"self":[{"href":"http:\/\/www.alertaciudadana.info\/index.php?rest_route=\/wp\/v2\/posts\/24568","targetHints":{"allow":["GET"]}}],"collection":[{"href":"http:\/\/www.alertaciudadana.info\/index.php?rest_route=\/wp\/v2\/posts"}],"about":[{"href":"http:\/\/www.alertaciudadana.info\/index.php?rest_route=\/wp\/v2\/types\/post"}],"author":[{"embeddable":true,"href":"http:\/\/www.alertaciudadana.info\/index.php?rest_route=\/wp\/v2\/users\/1"}],"replies":[{"embeddable":true,"href":"http:\/\/www.alertaciudadana.info\/index.php?rest_route=%2Fwp%2Fv2%2Fcomments&post=24568"}],"version-history":[{"count":1,"href":"http:\/\/www.alertaciudadana.info\/index.php?rest_route=\/wp\/v2\/posts\/24568\/revisions"}],"predecessor-version":[{"id":24570,"href":"http:\/\/www.alertaciudadana.info\/index.php?rest_route=\/wp\/v2\/posts\/24568\/revisions\/24570"}],"wp:featuredmedia":[{"embeddable":true,"href":"http:\/\/www.alertaciudadana.info\/index.php?rest_route=\/wp\/v2\/media\/24569"}],"wp:attachment":[{"href":"http:\/\/www.alertaciudadana.info\/index.php?rest_route=%2Fwp%2Fv2%2Fmedia&parent=24568"}],"wp:term":[{"taxonomy":"category","embeddable":true,"href":"http:\/\/www.alertaciudadana.info\/index.php?rest_route=%2Fwp%2Fv2%2Fcategories&post=24568"},{"taxonomy":"post_tag","embeddable":true,"href":"http:\/\/www.alertaciudadana.info\/index.php?rest_route=%2Fwp%2Fv2%2Ftags&post=24568"}],"curies":[{"name":"wp","href":"https:\/\/api.w.org\/{rel}","templated":true}]}}