{"id":24562,"date":"2018-03-14T18:35:41","date_gmt":"2018-03-14T18:35:41","guid":{"rendered":"http:\/\/www.alertaciudadana.info\/?p=24562"},"modified":"2018-03-14T18:35:41","modified_gmt":"2018-03-14T18:35:41","slug":"conmemoran-269-aniversario-de-reynosa","status":"publish","type":"post","link":"http:\/\/www.alertaciudadana.info\/?p=24562","title":{"rendered":"Conmemoran 269 Aniversario de Reynosa"},"content":{"rendered":"<p><a href=\"http:\/\/www.alertaciudadana.info\/wp-content\/uploads\/2018\/03\/IMG_3965.jpg\" rel=\"attachment wp-att-24536\"><img loading=\"lazy\" decoding=\"async\" class=\"alignnone size-medium wp-image-24536\" src=\"http:\/\/www.alertaciudadana.info\/wp-content\/uploads\/2018\/03\/IMG_3965-300x169.jpg\" alt=\"IMG_3965\" width=\"300\" height=\"169\" srcset=\"http:\/\/www.alertaciudadana.info\/wp-content\/uploads\/2018\/03\/IMG_3965-300x169.jpg 300w, http:\/\/www.alertaciudadana.info\/wp-content\/uploads\/2018\/03\/IMG_3965-768x432.jpg 768w, http:\/\/www.alertaciudadana.info\/wp-content\/uploads\/2018\/03\/IMG_3965-1024x576.jpg 1024w, http:\/\/www.alertaciudadana.info\/wp-content\/uploads\/2018\/03\/IMG_3965.jpg 1920w\" sizes=\"auto, (max-width: 300px) 100vw, 300px\" \/><\/a><a href=\"http:\/\/www.alertaciudadana.info\/wp-content\/uploads\/2018\/03\/IMG_3979.jpg\" rel=\"attachment wp-att-24538\"><img loading=\"lazy\" decoding=\"async\" class=\"alignnone size-medium wp-image-24538\" src=\"http:\/\/www.alertaciudadana.info\/wp-content\/uploads\/2018\/03\/IMG_3979-300x169.jpg\" alt=\"IMG_3979\" width=\"300\" height=\"169\" srcset=\"http:\/\/www.alertaciudadana.info\/wp-content\/uploads\/2018\/03\/IMG_3979-300x169.jpg 300w, http:\/\/www.alertaciudadana.info\/wp-content\/uploads\/2018\/03\/IMG_3979-768x432.jpg 768w, http:\/\/www.alertaciudadana.info\/wp-content\/uploads\/2018\/03\/IMG_3979-1024x576.jpg 1024w, http:\/\/www.alertaciudadana.info\/wp-content\/uploads\/2018\/03\/IMG_3979.jpg 1920w\" sizes=\"auto, (max-width: 300px) 100vw, 300px\" \/><\/a><\/p>\n<h3>Edith Jimenez\/ Javier Izaguirre<\/h3>\n<h3>Reynosa, Tam.-Con el objetivo de conmemorar el269 aniversario de fundaci\u00f3n de Reynosa, se llevo a cabo la ceremonia civica y colocaci\u00f3n de ofrenda floral por parte de la Alcaldesa, Mak\u00ed Esther Ort\u00edz Dominguez, acompa\u00f1ada de mandos Militares, Fuerza Tamaulipas, Sindicos, Regidores, empleados municipales, invitados especiales, sociedad civil y estudiantes.<\/h3>\n<h3>La ceremonia se llevo a cabo encongregaci\u00f3n Reynosa-D\u00edaz donde los asistentes pudieron disfrutar de numeros artisticos por parte del grupo de danza del IRCA y degustar alimentos en una amena convivencia.<\/h3>\n<h3>La Alcaldesa, invito a la ciudadan\u00eda en general a que disfrute de los eventos que se realizan de manera diaria como parte de los festejos de fundaci\u00f3n, los cuales son gratuitos y de ambiente 100% familiar.<\/h3>\n","protected":false},"excerpt":{"rendered":"<p>Edith Jimenez\/ Javier Izaguirre Reynosa, Tam.-Con el objetivo de conmemorar el269 aniversario de fundaci\u00f3n de Reynosa, se llevo a cabo&hellip;<\/p>\n","protected":false},"author":1,"featured_media":24538,"comment_status":"closed","ping_status":"closed","sticky":false,"template":"","format":"standard","meta":{"footnotes":""},"categories":[1,2],"tags":[],"class_list":["post-24562","post","type-post","status-publish","format-standard","has-post-thumbnail","hentry","category-destacados","category-reynosa"],"_links":{"self":[{"href":"http:\/\/www.alertaciudadana.info\/index.php?rest_route=\/wp\/v2\/posts\/24562","targetHints":{"allow":["GET"]}}],"collection":[{"href":"http:\/\/www.alertaciudadana.info\/index.php?rest_route=\/wp\/v2\/posts"}],"about":[{"href":"http:\/\/www.alertaciudadana.info\/index.php?rest_route=\/wp\/v2\/types\/post"}],"author":[{"embeddable":true,"href":"http:\/\/www.alertaciudadana.info\/index.php?rest_route=\/wp\/v2\/users\/1"}],"replies":[{"embeddable":true,"href":"http:\/\/www.alertaciudadana.info\/index.php?rest_route=%2Fwp%2Fv2%2Fcomments&post=24562"}],"version-history":[{"count":2,"href":"http:\/\/www.alertaciudadana.info\/index.php?rest_route=\/wp\/v2\/posts\/24562\/revisions"}],"predecessor-version":[{"id":24564,"href":"http:\/\/www.alertaciudadana.info\/index.php?rest_route=\/wp\/v2\/posts\/24562\/revisions\/24564"}],"wp:featuredmedia":[{"embeddable":true,"href":"http:\/\/www.alertaciudadana.info\/index.php?rest_route=\/wp\/v2\/media\/24538"}],"wp:attachment":[{"href":"http:\/\/www.alertaciudadana.info\/index.php?rest_route=%2Fwp%2Fv2%2Fmedia&parent=24562"}],"wp:term":[{"taxonomy":"category","embeddable":true,"href":"http:\/\/www.alertaciudadana.info\/index.php?rest_route=%2Fwp%2Fv2%2Fcategories&post=24562"},{"taxonomy":"post_tag","embeddable":true,"href":"http:\/\/www.alertaciudadana.info\/index.php?rest_route=%2Fwp%2Fv2%2Ftags&post=24562"}],"curies":[{"name":"wp","href":"https:\/\/api.w.org\/{rel}","templated":true}]}}