{"id":24480,"date":"2018-03-13T18:20:18","date_gmt":"2018-03-13T18:20:18","guid":{"rendered":"http:\/\/www.alertaciudadana.info\/?p=24480"},"modified":"2018-03-13T18:20:18","modified_gmt":"2018-03-13T18:20:18","slug":"detienen-a-violador-2","status":"publish","type":"post","link":"http:\/\/www.alertaciudadana.info\/?p=24480","title":{"rendered":"Detienen a violador"},"content":{"rendered":"<p><a href=\"http:\/\/www.alertaciudadana.info\/wp-content\/uploads\/2018\/03\/page.jpg\" rel=\"attachment wp-att-24481\"><img loading=\"lazy\" decoding=\"async\" class=\"alignnone size-medium wp-image-24481\" src=\"http:\/\/www.alertaciudadana.info\/wp-content\/uploads\/2018\/03\/page-300x300.jpg\" alt=\"page\" width=\"300\" height=\"300\" srcset=\"http:\/\/www.alertaciudadana.info\/wp-content\/uploads\/2018\/03\/page-300x300.jpg 300w, http:\/\/www.alertaciudadana.info\/wp-content\/uploads\/2018\/03\/page-150x150.jpg 150w, http:\/\/www.alertaciudadana.info\/wp-content\/uploads\/2018\/03\/page-70x70.jpg 70w, http:\/\/www.alertaciudadana.info\/wp-content\/uploads\/2018\/03\/page.jpg 400w\" sizes=\"auto, (max-width: 300px) 100vw, 300px\" \/><\/a><\/p>\n<h3>Ciudad Victoria, Tams.- El Grupo de Mandamientos Judiciales de la Procuradur\u00eda General de Justicia de Tamaulipas ejecut\u00f3 dos \u00f3rdenes de aprehensi\u00f3n, deteniendo a dos personas en esta ciudad capital.<\/h3>\n<h3>El primer detenido, Alberto Daniel \u201cN\u201d est\u00e1 acusado del delito de violaci\u00f3n en hechos registrados el pasado 28 de febrero. En tanto, David \u201cN\u201d fue detenido por el delito de bigamia, ambos fueron puestos a disposici\u00f3n de un Juez de Control quien en breve determinar\u00e1 medidas cautelares y su vinculaci\u00f3n a proceso.<\/h3>\n<h3>El Gobierno de Tamaulipas, a trav\u00e9s de los servidores p\u00fablicos de la Procuradur\u00eda General de Justicia de Tamaulipas, mantiene su compromiso con la sociedad de perseguir y castigar a todos aquellos que atenten contra la integridad de los tamaulipecos y transgredan la ley.<\/h3>\n","protected":false},"excerpt":{"rendered":"<p>Ciudad Victoria, Tams.- El Grupo de Mandamientos Judiciales de la Procuradur\u00eda General de Justicia de Tamaulipas ejecut\u00f3 dos \u00f3rdenes de&hellip;<\/p>\n","protected":false},"author":1,"featured_media":24481,"comment_status":"closed","ping_status":"closed","sticky":false,"template":"","format":"standard","meta":{"footnotes":""},"categories":[16,1,8],"tags":[],"class_list":["post-24480","post","type-post","status-publish","format-standard","has-post-thumbnail","hentry","category-ciudadvictoria","category-destacados","category-policiaca"],"_links":{"self":[{"href":"http:\/\/www.alertaciudadana.info\/index.php?rest_route=\/wp\/v2\/posts\/24480","targetHints":{"allow":["GET"]}}],"collection":[{"href":"http:\/\/www.alertaciudadana.info\/index.php?rest_route=\/wp\/v2\/posts"}],"about":[{"href":"http:\/\/www.alertaciudadana.info\/index.php?rest_route=\/wp\/v2\/types\/post"}],"author":[{"embeddable":true,"href":"http:\/\/www.alertaciudadana.info\/index.php?rest_route=\/wp\/v2\/users\/1"}],"replies":[{"embeddable":true,"href":"http:\/\/www.alertaciudadana.info\/index.php?rest_route=%2Fwp%2Fv2%2Fcomments&post=24480"}],"version-history":[{"count":1,"href":"http:\/\/www.alertaciudadana.info\/index.php?rest_route=\/wp\/v2\/posts\/24480\/revisions"}],"predecessor-version":[{"id":24482,"href":"http:\/\/www.alertaciudadana.info\/index.php?rest_route=\/wp\/v2\/posts\/24480\/revisions\/24482"}],"wp:featuredmedia":[{"embeddable":true,"href":"http:\/\/www.alertaciudadana.info\/index.php?rest_route=\/wp\/v2\/media\/24481"}],"wp:attachment":[{"href":"http:\/\/www.alertaciudadana.info\/index.php?rest_route=%2Fwp%2Fv2%2Fmedia&parent=24480"}],"wp:term":[{"taxonomy":"category","embeddable":true,"href":"http:\/\/www.alertaciudadana.info\/index.php?rest_route=%2Fwp%2Fv2%2Fcategories&post=24480"},{"taxonomy":"post_tag","embeddable":true,"href":"http:\/\/www.alertaciudadana.info\/index.php?rest_route=%2Fwp%2Fv2%2Ftags&post=24480"}],"curies":[{"name":"wp","href":"https:\/\/api.w.org\/{rel}","templated":true}]}}