{"id":2434,"date":"2015-12-28T13:55:25","date_gmt":"2015-12-28T13:55:25","guid":{"rendered":"http:\/\/www.alertaciudadana.info\/?p=2434"},"modified":"2015-12-28T13:55:25","modified_gmt":"2015-12-28T13:55:25","slug":"bajara-mas-la-gasolina-en-el-2016","status":"publish","type":"post","link":"http:\/\/www.alertaciudadana.info\/?p=2434","title":{"rendered":"Bajara mas la gasolina en el 2016"},"content":{"rendered":"<p dir=\"ltr\"><span style=\"color: #274e13; font-size: large;\">El ex presidente de la Comisi\u00f3n de Energ\u00eda en la sexag\u00e9sima segunda legislatura Marco Antonio Bernal Guti\u00e9rrez, afirm\u00f3 que la baja de los precios en las gasolinas y el di\u00e9sel para el 2016, s\u00e9 registran como uno de los beneficios de la Reforma Energ\u00e9tica, y que habr\u00e1 de desencadenar un efecto positivo en todo el pa\u00eds.<\/p>\n<p><\/span><\/p>\n<p dir=\"ltr\"><span style=\"color: #274e13; font-size: large;\">Cd. Victoria, Tamaulipas.- \u00abLa baja en los precios de la gasolina que se acaba de anunciar, obedece a la reforma energ\u00e9tica,\u00a0esto es producto de ello, la baja, la apertura de los mercados a la libre importaci\u00f3n de gasolina, entonces necesariamente hacienda lo tiene que bajar, y esto beneficiar\u00e1 a todo el pa\u00eds con un efecto positivo. Todav\u00eda va a permanecer un piso regulado, pero conforme va pasando el a\u00f1o se van a ir cayendo mas los precios.\u00bb Afirm\u00f3 Marco Antonio Bernal Guti\u00e9rrez con respecto al anuncio de la Secretar\u00eda de Hacienda y Cr\u00e9dito P\u00fablico, en que se di\u00f3 a conocer que las gasolinas, y el di\u00e9sel, bajar\u00e1n de precios a partir de enero.<br \/>\n<\/span><\/p>\n<p dir=\"ltr\"><span style=\"color: #274e13; font-size: large;\">Bernal, detall\u00f3 que el primer descenso en los precios, es por el orden del 3 por ciento, mismo que habr\u00e1 de disminuir de manera gradual, y de forma considerable cuando lleguen las primeras compa\u00f1\u00edas de otras marcas<br \/>\n<\/span><\/p>\n<p dir=\"ltr\">\u00abMientras lleguen otras\u00a0gasolineras y se profundice,\u00a0y se abra m\u00e1s el mercado de libre importaci\u00f3n, seguir\u00e1n descendiendo que vayan siendo gradual la baja del precio hasta que estemos en precios internacionales.\u00bb Refiri\u00f3.<\/p>\n<p dir=\"ltr\"><span style=\"color: #274e13; font-size: large;\"><br \/>\nMarco Bernal, quien actualmente es Secretario Adjunto a la Presidencia del Comit\u00e9 Ejecutivo Nacional del Partido Revolucionario Institucional, indic\u00f3 que para el caso espec\u00edfico de Tamaulipas, este beneficio directo de la Reforma Energ\u00e9tica, s\u00e9 sumar\u00e1 a las ya visibles inversiones en esta materia, la creaci\u00f3n de empleos, y al notable potencial del estado para la producci\u00f3n de energ\u00edas limpias.<br \/>\n<\/span><\/p>\n<p dir=\"ltr\"><span style=\"color: #274e13; font-size: large;\">Bernal, concluy\u00f3 indicando que adem\u00e1s de los beneficios que anteriormente se hab\u00edan mostrado para Tamaulipas, esta baja en los precios es mas notoria para la gente, por lo que se ha recibido bastante bien por la sociedad, y se espera en los siguientes meses se sigan anunciando descensos en el costo de los combustibles, pues con esto se benefician todos los sectores de la poblaci\u00f3n. \u00abEs un efecto que nos beneficia a todos, les pega a todos de manera positiva,\u00bb Concluy\u00f3.<\/span><\/p>\n","protected":false},"excerpt":{"rendered":"<p>El ex presidente de la Comisi\u00f3n de Energ\u00eda en la sexag\u00e9sima segunda legislatura Marco Antonio Bernal Guti\u00e9rrez, afirm\u00f3 que la&hellip;<\/p>\n","protected":false},"author":1,"featured_media":2176,"comment_status":"open","ping_status":"open","sticky":false,"template":"","format":"standard","meta":{"footnotes":""},"categories":[16,1],"tags":[],"class_list":["post-2434","post","type-post","status-publish","format-standard","has-post-thumbnail","hentry","category-ciudadvictoria","category-destacados"],"_links":{"self":[{"href":"http:\/\/www.alertaciudadana.info\/index.php?rest_route=\/wp\/v2\/posts\/2434","targetHints":{"allow":["GET"]}}],"collection":[{"href":"http:\/\/www.alertaciudadana.info\/index.php?rest_route=\/wp\/v2\/posts"}],"about":[{"href":"http:\/\/www.alertaciudadana.info\/index.php?rest_route=\/wp\/v2\/types\/post"}],"author":[{"embeddable":true,"href":"http:\/\/www.alertaciudadana.info\/index.php?rest_route=\/wp\/v2\/users\/1"}],"replies":[{"embeddable":true,"href":"http:\/\/www.alertaciudadana.info\/index.php?rest_route=%2Fwp%2Fv2%2Fcomments&post=2434"}],"version-history":[{"count":1,"href":"http:\/\/www.alertaciudadana.info\/index.php?rest_route=\/wp\/v2\/posts\/2434\/revisions"}],"predecessor-version":[{"id":2435,"href":"http:\/\/www.alertaciudadana.info\/index.php?rest_route=\/wp\/v2\/posts\/2434\/revisions\/2435"}],"wp:featuredmedia":[{"embeddable":true,"href":"http:\/\/www.alertaciudadana.info\/index.php?rest_route=\/wp\/v2\/media\/2176"}],"wp:attachment":[{"href":"http:\/\/www.alertaciudadana.info\/index.php?rest_route=%2Fwp%2Fv2%2Fmedia&parent=2434"}],"wp:term":[{"taxonomy":"category","embeddable":true,"href":"http:\/\/www.alertaciudadana.info\/index.php?rest_route=%2Fwp%2Fv2%2Fcategories&post=2434"},{"taxonomy":"post_tag","embeddable":true,"href":"http:\/\/www.alertaciudadana.info\/index.php?rest_route=%2Fwp%2Fv2%2Ftags&post=2434"}],"curies":[{"name":"wp","href":"https:\/\/api.w.org\/{rel}","templated":true}]}}