{"id":24240,"date":"2018-03-05T19:32:08","date_gmt":"2018-03-05T19:32:08","guid":{"rendered":"http:\/\/www.alertaciudadana.info\/?p=24240"},"modified":"2018-03-27T17:38:31","modified_gmt":"2018-03-27T17:38:31","slug":"entrega-alcaldesa-becas-municipales","status":"publish","type":"post","link":"http:\/\/www.alertaciudadana.info\/?p=24240","title":{"rendered":"Entrega Alcaldesa becas municipales"},"content":{"rendered":"<p><a href=\"http:\/\/www.alertaciudadana.info\/wp-content\/uploads\/2018\/03\/IMG_3776.jpg\" rel=\"attachment wp-att-24207\"><img loading=\"lazy\" decoding=\"async\" class=\"alignnone size-medium wp-image-24207\" src=\"http:\/\/www.alertaciudadana.info\/wp-content\/uploads\/2018\/03\/IMG_3776-300x169.jpg\" alt=\"IMG_3776\" width=\"300\" height=\"169\" srcset=\"http:\/\/www.alertaciudadana.info\/wp-content\/uploads\/2018\/03\/IMG_3776-300x169.jpg 300w, http:\/\/www.alertaciudadana.info\/wp-content\/uploads\/2018\/03\/IMG_3776-768x432.jpg 768w, http:\/\/www.alertaciudadana.info\/wp-content\/uploads\/2018\/03\/IMG_3776-1024x576.jpg 1024w, http:\/\/www.alertaciudadana.info\/wp-content\/uploads\/2018\/03\/IMG_3776.jpg 1920w\" sizes=\"auto, (max-width: 300px) 100vw, 300px\" \/><\/a><a href=\"http:\/\/www.alertaciudadana.info\/wp-content\/uploads\/2018\/03\/IMG_3804.jpg\" rel=\"attachment wp-att-24209\"><img loading=\"lazy\" decoding=\"async\" class=\"alignnone size-medium wp-image-24209\" src=\"http:\/\/www.alertaciudadana.info\/wp-content\/uploads\/2018\/03\/IMG_3804-300x169.jpg\" alt=\"IMG_3804\" width=\"300\" height=\"169\" srcset=\"http:\/\/www.alertaciudadana.info\/wp-content\/uploads\/2018\/03\/IMG_3804-300x169.jpg 300w, http:\/\/www.alertaciudadana.info\/wp-content\/uploads\/2018\/03\/IMG_3804-768x432.jpg 768w, http:\/\/www.alertaciudadana.info\/wp-content\/uploads\/2018\/03\/IMG_3804-1024x576.jpg 1024w, http:\/\/www.alertaciudadana.info\/wp-content\/uploads\/2018\/03\/IMG_3804.jpg 1920w\" sizes=\"auto, (max-width: 300px) 100vw, 300px\" \/><\/a><\/p>\n<h3>05\/03\/2018<\/h3>\n<h3>Edith Jimenez\/ Javier Izaguirre<\/h3>\n<h3>Reynosa, Tam.-Con el objetivo de continuar impulsando el desarrollo educativo en la ciudad, la Alcaldesa, Mak\u00ed Esther Ort\u00edz Dom\u00ednguez encabez\u00f3 la primer entrega de becas municipales de este 2018, acompa\u00f1ada por funcionarios del Ayuntamiento y poblaci\u00f3n beneficiada, en las instalaciones del auditorio municipal.<\/h3>\n<h3>\u00abEs una oportunidad para todos los ni\u00f1os y j\u00f3venes, para que tengan un mejor opcion de vida, m\u00e1s de mil 100 j\u00f3venes vana\u00a0 tener el apoyo para tramitar su t\u00edtulo y por supuesto m\u00e1s de 10 mil becas que estaremos entregando desde kinder hasta universidad&#8230;\u00bb.<\/h3>\n<h3>A\u00f1adiendo el Gobierno que encabeza tienen como prioridad invertir\u00a0 en oportunidades y sobre todo en los ni\u00f1os y j\u00f3venes que son el presente y futuro.<\/h3>\n<h3>Las becas ser\u00e1n entregadas de manera diaria por nivel escolar, mediante transferencia bancaria, evitando largas filas.<\/h3>\n","protected":false},"excerpt":{"rendered":"<p>05\/03\/2018 Edith Jimenez\/ Javier Izaguirre Reynosa, Tam.-Con el objetivo de continuar impulsando el desarrollo educativo en la ciudad, la Alcaldesa,&hellip;<\/p>\n","protected":false},"author":1,"featured_media":24205,"comment_status":"closed","ping_status":"closed","sticky":false,"template":"","format":"standard","meta":{"footnotes":""},"categories":[1,2],"tags":[],"class_list":["post-24240","post","type-post","status-publish","format-standard","has-post-thumbnail","hentry","category-destacados","category-reynosa"],"_links":{"self":[{"href":"http:\/\/www.alertaciudadana.info\/index.php?rest_route=\/wp\/v2\/posts\/24240","targetHints":{"allow":["GET"]}}],"collection":[{"href":"http:\/\/www.alertaciudadana.info\/index.php?rest_route=\/wp\/v2\/posts"}],"about":[{"href":"http:\/\/www.alertaciudadana.info\/index.php?rest_route=\/wp\/v2\/types\/post"}],"author":[{"embeddable":true,"href":"http:\/\/www.alertaciudadana.info\/index.php?rest_route=\/wp\/v2\/users\/1"}],"replies":[{"embeddable":true,"href":"http:\/\/www.alertaciudadana.info\/index.php?rest_route=%2Fwp%2Fv2%2Fcomments&post=24240"}],"version-history":[{"count":2,"href":"http:\/\/www.alertaciudadana.info\/index.php?rest_route=\/wp\/v2\/posts\/24240\/revisions"}],"predecessor-version":[{"id":25143,"href":"http:\/\/www.alertaciudadana.info\/index.php?rest_route=\/wp\/v2\/posts\/24240\/revisions\/25143"}],"wp:featuredmedia":[{"embeddable":true,"href":"http:\/\/www.alertaciudadana.info\/index.php?rest_route=\/wp\/v2\/media\/24205"}],"wp:attachment":[{"href":"http:\/\/www.alertaciudadana.info\/index.php?rest_route=%2Fwp%2Fv2%2Fmedia&parent=24240"}],"wp:term":[{"taxonomy":"category","embeddable":true,"href":"http:\/\/www.alertaciudadana.info\/index.php?rest_route=%2Fwp%2Fv2%2Fcategories&post=24240"},{"taxonomy":"post_tag","embeddable":true,"href":"http:\/\/www.alertaciudadana.info\/index.php?rest_route=%2Fwp%2Fv2%2Ftags&post=24240"}],"curies":[{"name":"wp","href":"https:\/\/api.w.org\/{rel}","templated":true}]}}