{"id":23826,"date":"2018-02-22T23:57:43","date_gmt":"2018-02-22T23:57:43","guid":{"rendered":"http:\/\/www.alertaciudadana.info\/?p=23826"},"modified":"2018-04-22T19:56:58","modified_gmt":"2018-04-22T19:56:58","slug":"culmina-gira-vive-sin-drogas","status":"publish","type":"post","link":"http:\/\/www.alertaciudadana.info\/?p=23826","title":{"rendered":"Culmina gira \u00abVive sin drogas\u00bb"},"content":{"rendered":"<p><a href=\"http:\/\/www.alertaciudadana.info\/wp-content\/uploads\/2018\/02\/FB_IMG_1519343140463.jpg\" rel=\"attachment wp-att-23822\"><img loading=\"lazy\" decoding=\"async\" class=\"alignnone size-medium wp-image-23822\" src=\"http:\/\/www.alertaciudadana.info\/wp-content\/uploads\/2018\/02\/FB_IMG_1519343140463-300x200.jpg\" alt=\"FB_IMG_1519343140463\" width=\"300\" height=\"200\" srcset=\"http:\/\/www.alertaciudadana.info\/wp-content\/uploads\/2018\/02\/FB_IMG_1519343140463-300x200.jpg 300w, http:\/\/www.alertaciudadana.info\/wp-content\/uploads\/2018\/02\/FB_IMG_1519343140463-768x512.jpg 768w, http:\/\/www.alertaciudadana.info\/wp-content\/uploads\/2018\/02\/FB_IMG_1519343140463.jpg 960w\" sizes=\"auto, (max-width: 300px) 100vw, 300px\" \/><\/a><\/p>\n<h3>22\/02\/2018<\/h3>\n<h3>Edith Jimenez<\/h3>\n<h3>Reynosa, Tam.-El Gobernador del Estado, Francisco Javier Garc\u00eda Cabeza de Vaca, acompa\u00f1o a la Presidenta del Sistema DIF Tamaulipas, la se\u00f1ora Mariana G\u00f3mez de Garc\u00eda Cabeza de Vaca, en la clausura de la primera etapa de la gira \u00abvive sin drogas\u00bb.<\/h3>\n<h3>El evento fue presidido por estudiantes de nivel basico y medio superior, con el objetivo de crearles conciencia sobre el uso de las drogas, buscando con ello, evitar caer en adicciones, as\u00ed como impulsarlos en contin\u00faar con sus estudios y desarrollo.<\/h3>\n<h3>El cierre se llevo a cabo en el Parque Cultural Reynosa, donde los asistentes disfrutaron de una serie de conferencias.<\/h3>\n<p>&nbsp;<\/p>\n","protected":false},"excerpt":{"rendered":"<p>22\/02\/2018 Edith Jimenez Reynosa, Tam.-El Gobernador del Estado, Francisco Javier Garc\u00eda Cabeza de Vaca, acompa\u00f1o a la Presidenta del Sistema&hellip;<\/p>\n","protected":false},"author":1,"featured_media":23822,"comment_status":"closed","ping_status":"closed","sticky":false,"template":"","format":"standard","meta":{"footnotes":""},"categories":[1,2,4],"tags":[],"class_list":["post-23826","post","type-post","status-publish","format-standard","has-post-thumbnail","hentry","category-destacados","category-reynosa","category-tamaulipas"],"_links":{"self":[{"href":"http:\/\/www.alertaciudadana.info\/index.php?rest_route=\/wp\/v2\/posts\/23826","targetHints":{"allow":["GET"]}}],"collection":[{"href":"http:\/\/www.alertaciudadana.info\/index.php?rest_route=\/wp\/v2\/posts"}],"about":[{"href":"http:\/\/www.alertaciudadana.info\/index.php?rest_route=\/wp\/v2\/types\/post"}],"author":[{"embeddable":true,"href":"http:\/\/www.alertaciudadana.info\/index.php?rest_route=\/wp\/v2\/users\/1"}],"replies":[{"embeddable":true,"href":"http:\/\/www.alertaciudadana.info\/index.php?rest_route=%2Fwp%2Fv2%2Fcomments&post=23826"}],"version-history":[{"count":3,"href":"http:\/\/www.alertaciudadana.info\/index.php?rest_route=\/wp\/v2\/posts\/23826\/revisions"}],"predecessor-version":[{"id":25932,"href":"http:\/\/www.alertaciudadana.info\/index.php?rest_route=\/wp\/v2\/posts\/23826\/revisions\/25932"}],"wp:featuredmedia":[{"embeddable":true,"href":"http:\/\/www.alertaciudadana.info\/index.php?rest_route=\/wp\/v2\/media\/23822"}],"wp:attachment":[{"href":"http:\/\/www.alertaciudadana.info\/index.php?rest_route=%2Fwp%2Fv2%2Fmedia&parent=23826"}],"wp:term":[{"taxonomy":"category","embeddable":true,"href":"http:\/\/www.alertaciudadana.info\/index.php?rest_route=%2Fwp%2Fv2%2Fcategories&post=23826"},{"taxonomy":"post_tag","embeddable":true,"href":"http:\/\/www.alertaciudadana.info\/index.php?rest_route=%2Fwp%2Fv2%2Ftags&post=23826"}],"curies":[{"name":"wp","href":"https:\/\/api.w.org\/{rel}","templated":true}]}}