{"id":23806,"date":"2018-02-22T22:56:51","date_gmt":"2018-02-22T22:56:51","guid":{"rendered":"http:\/\/www.alertaciudadana.info\/?p=23806"},"modified":"2018-04-22T19:57:50","modified_gmt":"2018-04-22T19:57:50","slug":"impulsa-gobernador-creacion-del-primer-puerto-de-aguas-profundas-del-pais-en-matamoros","status":"publish","type":"post","link":"http:\/\/www.alertaciudadana.info\/?p=23806","title":{"rendered":"Impulsa Gobernador creaci\u00f3n del primer puerto de aguas profundas del pa\u00eds, en Matamoros"},"content":{"rendered":"<h3><a href=\"http:\/\/www.alertaciudadana.info\/wp-content\/uploads\/2018\/02\/TAM-033-2018.-Impulsa-Gobernador-creaci\u00f3n-del-primer-puerto-de-aguas-profundas-del-pa\u00eds-en-Matamoros1.jpeg\" rel=\"attachment wp-att-23807\"><img loading=\"lazy\" decoding=\"async\" class=\"alignnone size-medium wp-image-23807\" src=\"http:\/\/www.alertaciudadana.info\/wp-content\/uploads\/2018\/02\/TAM-033-2018.-Impulsa-Gobernador-creaci\u00f3n-del-primer-puerto-de-aguas-profundas-del-pa\u00eds-en-Matamoros1-300x236.jpeg\" alt=\"TAM-033-2018.-Impulsa-Gobernador-creaci\u00f3n-del-primer-puerto-de-aguas-profundas-del-pa\u00eds-en-Matamoros1\" width=\"300\" height=\"236\" srcset=\"http:\/\/www.alertaciudadana.info\/wp-content\/uploads\/2018\/02\/TAM-033-2018.-Impulsa-Gobernador-creaci\u00f3n-del-primer-puerto-de-aguas-profundas-del-pa\u00eds-en-Matamoros1-300x236.jpeg 300w, http:\/\/www.alertaciudadana.info\/wp-content\/uploads\/2018\/02\/TAM-033-2018.-Impulsa-Gobernador-creaci\u00f3n-del-primer-puerto-de-aguas-profundas-del-pa\u00eds-en-Matamoros1.jpeg 663w\" sizes=\"auto, (max-width: 300px) 100vw, 300px\" \/><\/a><\/h3>\n<h3>22\/02\/2018<\/h3>\n<h3>Edith Jimenez<\/h3>\n<h3>Ciudad de M\u00e9xico.-El Gobernador Francisco Garc\u00eda Cabeza de Vaca present\u00f3 este martes al Coordinador General de Puertos y Marina Mercante, Guillermo Ruiz de Teresa, el Plan Maestro 2018-2023, que regir\u00e1 la construcci\u00f3n y operaci\u00f3n en una primera fase del Puerto de Matamoros, el primero en M\u00e9xico de aguas profundas.<\/h3>\n<h3>Garc\u00eda Cabeza de Vaca estuvo acompa\u00f1ado en el encuentro por el Comisionado de Energ\u00eda en la entidad, Andr\u00e9s Fusco Clynes y el titular de la Administraci\u00f3n Portuaria Integral de Tamaulipas, Ricardo S\u00e1nchez. En el encuentro tambi\u00e9n particip\u00f3 el Director de Puertos de la Secretar\u00eda de Comunicaciones y Transportes, Francisco Hern\u00e1ndez Cervantes.<\/h3>\n<h3>Durante esta visita de trabajo, el Mandatario tamaulipeco destac\u00f3 ante los funcionarios federales la importancia que tendr\u00e1 este puerto, que se espera pueda iniciar operaciones en el 2019, para todas las empresas que han obtenido licitaciones para la explotaci\u00f3n del Cintur\u00f3n Plegado Perdido, un yacimiento de hidrocarburos en aguas profundas ubicado en el Golfo de M\u00e9xico, a unos 250 kil\u00f3metros al este de Matamoros.<\/h3>\n<h3>El proyecto del Gobierno de Tamaulipas es impulsar la operaci\u00f3n del Puerto de Matamoros, que en una primera fase podr\u00e1 dar servicio a las empresas encargadas de la extracci\u00f3n de hidrocarburos en el Cintur\u00f3n Plegado Perdido, y posteriormente en siguientes etapas, ofrecer servicios a otras industrias de esta zona del pa\u00eds.<\/h3>\n<h3>\u201cLa ubicaci\u00f3n del Puerto de Matamoros es estrat\u00e9gica para el aprovechamiento de las reservas petroleras que realizar\u00e1n las empresas ganadoras de las licitaciones y definitivamente convertir\u00e1n a esta zona del estado en un polo de desarrollo muy importante para el pa\u00eds\u201d, apunt\u00f3 Garc\u00eda Cabeza de Vaca.<\/h3>\n<h3>El objetivo del Gobierno de Tamaulipas es impulsar el proyecto para que el Puerto de Matamoros inicie operaciones en el segundo semestre del 2019.<\/h3>\n","protected":false},"excerpt":{"rendered":"<p>22\/02\/2018 Edith Jimenez Ciudad de M\u00e9xico.-El Gobernador Francisco Garc\u00eda Cabeza de Vaca present\u00f3 este martes al Coordinador General de Puertos&hellip;<\/p>\n","protected":false},"author":1,"featured_media":23807,"comment_status":"closed","ping_status":"closed","sticky":false,"template":"","format":"standard","meta":{"footnotes":""},"categories":[1,13,4],"tags":[],"class_list":["post-23806","post","type-post","status-publish","format-standard","has-post-thumbnail","hentry","category-destacados","category-matamoros","category-tamaulipas"],"_links":{"self":[{"href":"http:\/\/www.alertaciudadana.info\/index.php?rest_route=\/wp\/v2\/posts\/23806","targetHints":{"allow":["GET"]}}],"collection":[{"href":"http:\/\/www.alertaciudadana.info\/index.php?rest_route=\/wp\/v2\/posts"}],"about":[{"href":"http:\/\/www.alertaciudadana.info\/index.php?rest_route=\/wp\/v2\/types\/post"}],"author":[{"embeddable":true,"href":"http:\/\/www.alertaciudadana.info\/index.php?rest_route=\/wp\/v2\/users\/1"}],"replies":[{"embeddable":true,"href":"http:\/\/www.alertaciudadana.info\/index.php?rest_route=%2Fwp%2Fv2%2Fcomments&post=23806"}],"version-history":[{"count":2,"href":"http:\/\/www.alertaciudadana.info\/index.php?rest_route=\/wp\/v2\/posts\/23806\/revisions"}],"predecessor-version":[{"id":25934,"href":"http:\/\/www.alertaciudadana.info\/index.php?rest_route=\/wp\/v2\/posts\/23806\/revisions\/25934"}],"wp:featuredmedia":[{"embeddable":true,"href":"http:\/\/www.alertaciudadana.info\/index.php?rest_route=\/wp\/v2\/media\/23807"}],"wp:attachment":[{"href":"http:\/\/www.alertaciudadana.info\/index.php?rest_route=%2Fwp%2Fv2%2Fmedia&parent=23806"}],"wp:term":[{"taxonomy":"category","embeddable":true,"href":"http:\/\/www.alertaciudadana.info\/index.php?rest_route=%2Fwp%2Fv2%2Fcategories&post=23806"},{"taxonomy":"post_tag","embeddable":true,"href":"http:\/\/www.alertaciudadana.info\/index.php?rest_route=%2Fwp%2Fv2%2Ftags&post=23806"}],"curies":[{"name":"wp","href":"https:\/\/api.w.org\/{rel}","templated":true}]}}