{"id":23518,"date":"2018-02-14T19:43:19","date_gmt":"2018-02-14T19:43:19","guid":{"rendered":"http:\/\/www.alertaciudadana.info\/?p=23518"},"modified":"2018-02-14T19:43:19","modified_gmt":"2018-02-14T19:43:19","slug":"activa-tamaulipas-plan-de-capacitacion-para-disminuir-muerte-materna","status":"publish","type":"post","link":"http:\/\/www.alertaciudadana.info\/?p=23518","title":{"rendered":"Activa Tamaulipas Plan de Capacitaci\u00f3n para disminuir muerte materna"},"content":{"rendered":"<h3><a href=\"http:\/\/www.alertaciudadana.info\/wp-content\/uploads\/2018\/02\/a-1.jpg\" rel=\"attachment wp-att-23519\"><img loading=\"lazy\" decoding=\"async\" class=\"alignnone size-medium wp-image-23519\" src=\"http:\/\/www.alertaciudadana.info\/wp-content\/uploads\/2018\/02\/a-1-300x156.jpg\" alt=\"a\" width=\"300\" height=\"156\" srcset=\"http:\/\/www.alertaciudadana.info\/wp-content\/uploads\/2018\/02\/a-1-300x156.jpg 300w, http:\/\/www.alertaciudadana.info\/wp-content\/uploads\/2018\/02\/a-1-768x399.jpg 768w, http:\/\/www.alertaciudadana.info\/wp-content\/uploads\/2018\/02\/a-1-1024x533.jpg 1024w, http:\/\/www.alertaciudadana.info\/wp-content\/uploads\/2018\/02\/a-1.jpg 1219w\" sizes=\"auto, (max-width: 300px) 100vw, 300px\" \/><\/a> <a href=\"http:\/\/www.alertaciudadana.info\/wp-content\/uploads\/2018\/02\/aa.jpg\" rel=\"attachment wp-att-23520\"><img loading=\"lazy\" decoding=\"async\" class=\"alignnone size-medium wp-image-23520\" src=\"http:\/\/www.alertaciudadana.info\/wp-content\/uploads\/2018\/02\/aa-300x176.jpg\" alt=\"aa\" width=\"300\" height=\"176\" srcset=\"http:\/\/www.alertaciudadana.info\/wp-content\/uploads\/2018\/02\/aa-300x176.jpg 300w, http:\/\/www.alertaciudadana.info\/wp-content\/uploads\/2018\/02\/aa-768x449.jpg 768w, http:\/\/www.alertaciudadana.info\/wp-content\/uploads\/2018\/02\/aa-1024x599.jpg 1024w, http:\/\/www.alertaciudadana.info\/wp-content\/uploads\/2018\/02\/aa.jpg 1232w\" sizes=\"auto, (max-width: 300px) 100vw, 300px\" \/><\/a><\/h3>\n<h3>Ciudad Victoria, Tamaulipas.- Con el compromiso del gobierno de Francisco Garc\u00eda Cabeza de Vaca, de mejorar la atenci\u00f3n que reciben las tamaulipecas antes, durante y despu\u00e9s del embarazo, se llev\u00f3 a cabo la \u201cReuni\u00f3n Interinstitucional del Comit\u00e9 de Prevenci\u00f3n, Estudio y Seguimiento de la Morbi-Mortalidad Materna y Perinatal\u201d, orientado a\u00a0 fortalecer las estrategias para disminuir\u00a0 fallecimientos en la entidad.<\/h3>\n<h3>Con la representaci\u00f3n de la secretaria de Salud, Gloria Molina Gamboa, Gregorio S\u00e1nchez V\u00e1zquez, secretario T\u00e9cnico, dio a conocer que en este a\u00f1o se implementar\u00e1 el Plan de capacitaci\u00f3n en atenci\u00f3n primaria, que permitir\u00e1 mejorar la calidad en los servicios de salud a todas las embarazadas.<\/h3>\n<h3>\u201cLa intenci\u00f3n es que podamos identificar aquellos eslabones para generar acciones precisas de c\u00f3mo y qu\u00e9 debemos de atender, superar deficiencias y encontrar \u00e1reas de oportunidad\u201d dijo.<\/h3>\n<h3>Inform\u00f3 que en Reynosa ha disminuido la muerte materna, gracias al reforzamiento de la atenci\u00f3n domiciliaria en los pol\u00edgonos que forman el Plan de Intervenci\u00f3n \u201cUnidos por Reynosa\u201d, del gobierno del estado, a trav\u00e9s de la estrategia \u201cUn \u00c1ngel Cerca de TI\u201d.<\/h3>\n<h3>Anunci\u00f3 que durante este mes se equipar\u00e1n unidades con 40 ultrasonidos m\u00e1s, para contar con cobertura total y contribuir a que la atenci\u00f3n gratuita a las mujeres embarazadas que no cuenten con seguridad social, sea resolutiva y de calidad.<\/h3>\n<h3>En la reuni\u00f3n dirigida a los Integrantes del Comit\u00e9 Interinstitucional de Prevenci\u00f3n, Estudio y Seguimiento (directores de hospitales, jefes jurisdiccionales, IMSS, ISSSTE), estuvieron presentes el subsecretario de Prevenci\u00f3n y Promoci\u00f3n de la Salud, Alejandro Garc\u00eda Barrientos; director de Salud Reproductiva, Ares Duvaliere Buenfild Saldivar, entre otros.<\/h3>\n<h3>Analizaron casos y establecieron acuerdos para dar continuidad a las acciones desarrolladas en las unidades de salud, a fin de fortalecer la importancia de la<\/h3>\n<h3>consulta preconcepcional, que identifique a las mujeres con alto riesgo obst\u00e9trico y ofrecerles un m\u00e9todo de planificaci\u00f3n familiar.<\/h3>\n","protected":false},"excerpt":{"rendered":"<p>Ciudad Victoria, Tamaulipas.- Con el compromiso del gobierno de Francisco Garc\u00eda Cabeza de Vaca, de mejorar la atenci\u00f3n que reciben&hellip;<\/p>\n","protected":false},"author":1,"featured_media":23519,"comment_status":"closed","ping_status":"closed","sticky":false,"template":"","format":"standard","meta":{"footnotes":""},"categories":[16,1],"tags":[],"class_list":["post-23518","post","type-post","status-publish","format-standard","has-post-thumbnail","hentry","category-ciudadvictoria","category-destacados"],"_links":{"self":[{"href":"http:\/\/www.alertaciudadana.info\/index.php?rest_route=\/wp\/v2\/posts\/23518","targetHints":{"allow":["GET"]}}],"collection":[{"href":"http:\/\/www.alertaciudadana.info\/index.php?rest_route=\/wp\/v2\/posts"}],"about":[{"href":"http:\/\/www.alertaciudadana.info\/index.php?rest_route=\/wp\/v2\/types\/post"}],"author":[{"embeddable":true,"href":"http:\/\/www.alertaciudadana.info\/index.php?rest_route=\/wp\/v2\/users\/1"}],"replies":[{"embeddable":true,"href":"http:\/\/www.alertaciudadana.info\/index.php?rest_route=%2Fwp%2Fv2%2Fcomments&post=23518"}],"version-history":[{"count":1,"href":"http:\/\/www.alertaciudadana.info\/index.php?rest_route=\/wp\/v2\/posts\/23518\/revisions"}],"predecessor-version":[{"id":23522,"href":"http:\/\/www.alertaciudadana.info\/index.php?rest_route=\/wp\/v2\/posts\/23518\/revisions\/23522"}],"wp:featuredmedia":[{"embeddable":true,"href":"http:\/\/www.alertaciudadana.info\/index.php?rest_route=\/wp\/v2\/media\/23519"}],"wp:attachment":[{"href":"http:\/\/www.alertaciudadana.info\/index.php?rest_route=%2Fwp%2Fv2%2Fmedia&parent=23518"}],"wp:term":[{"taxonomy":"category","embeddable":true,"href":"http:\/\/www.alertaciudadana.info\/index.php?rest_route=%2Fwp%2Fv2%2Fcategories&post=23518"},{"taxonomy":"post_tag","embeddable":true,"href":"http:\/\/www.alertaciudadana.info\/index.php?rest_route=%2Fwp%2Fv2%2Ftags&post=23518"}],"curies":[{"name":"wp","href":"https:\/\/api.w.org\/{rel}","templated":true}]}}