{"id":23308,"date":"2018-02-09T03:03:07","date_gmt":"2018-02-09T03:03:07","guid":{"rendered":"http:\/\/www.alertaciudadana.info\/?p=23308"},"modified":"2018-04-22T20:01:55","modified_gmt":"2018-04-22T20:01:55","slug":"dona-gobierno-de-tamaulipas-terreno-a-la-semar-en-matamoros","status":"publish","type":"post","link":"http:\/\/www.alertaciudadana.info\/?p=23308","title":{"rendered":"Dona Gobierno de Tamaulipas terreno a la SEMAR en Matamoros"},"content":{"rendered":"<h3><a href=\"http:\/\/www.alertaciudadana.info\/wp-content\/uploads\/2018\/02\/TAM-021-2018.-Dona-Gobierno-de-Tamaulipas-terreno-a-la-Secretar\u00eda-de-Marina-en-Matamoros2.jpg\" rel=\"attachment wp-att-23309\"><img loading=\"lazy\" decoding=\"async\" class=\"alignnone size-medium wp-image-23309\" src=\"http:\/\/www.alertaciudadana.info\/wp-content\/uploads\/2018\/02\/TAM-021-2018.-Dona-Gobierno-de-Tamaulipas-terreno-a-la-Secretar\u00eda-de-Marina-en-Matamoros2-300x209.jpg\" alt=\"TAM-021-2018.-Dona-Gobierno-de-Tamaulipas-terreno-a-la-Secretar\u00eda-de-Marina-en-Matamoros2\" width=\"300\" height=\"209\" srcset=\"http:\/\/www.alertaciudadana.info\/wp-content\/uploads\/2018\/02\/TAM-021-2018.-Dona-Gobierno-de-Tamaulipas-terreno-a-la-Secretar\u00eda-de-Marina-en-Matamoros2-300x209.jpg 300w, http:\/\/www.alertaciudadana.info\/wp-content\/uploads\/2018\/02\/TAM-021-2018.-Dona-Gobierno-de-Tamaulipas-terreno-a-la-Secretar\u00eda-de-Marina-en-Matamoros2-768x536.jpg 768w, http:\/\/www.alertaciudadana.info\/wp-content\/uploads\/2018\/02\/TAM-021-2018.-Dona-Gobierno-de-Tamaulipas-terreno-a-la-Secretar\u00eda-de-Marina-en-Matamoros2.jpg 984w\" sizes=\"auto, (max-width: 300px) 100vw, 300px\" \/><\/a><\/h3>\n<h3>09\/02\/2018<\/h3>\n<h3>Edith Jimenez<\/h3>\n<h3>Matamoros, Tam.- El Gobernador Francisco Garc\u00eda Cabeza de Vaca entreg\u00f3 al secretario de Marina, Vidal Francisco Sober\u00f3n Sanz, el documento que acredita la donaci\u00f3n de los terrenos contiguos a la Base Naval de Matamoros para la construcci\u00f3n de la nueva Comandancia y la ampliaci\u00f3n de otras instalaciones.<\/h3>\n<h3>La donaci\u00f3n de los terrenos por parte del Gobierno del Estado de Tamaulipas en favor de la Secretar\u00eda de Marina, permitir\u00e1 duplicar la superficie que actualmente ocupa la Base Naval del municipio fronterizo; en ellos se edificar\u00e1 la nueva Comandancia, dormitorios y \u00e1reas deportivas, mientras que en una parte de las antiguas instalaciones se ampliar\u00e1 la Unidad Habitacional Naval.<\/h3>\n<h3>Sober\u00f3n Sanz reconoci\u00f3 la voluntad del gobernador Garc\u00eda Cabeza de Vaca para cristalizar la ampliaci\u00f3n del complejo naval en Matamoros, lo que fortalecer\u00e1 la presencia de la Instituci\u00f3n Armada en la zona.<\/h3>\n<h3>Ante el personal naval, el titular de la Secretar\u00eda de Marina reiter\u00f3 el compromiso de seguir \u201ctrabajando arduamente para buscar la tranquilidad que merecen todos los ciudadanos de Tamaulipas\u201d.<\/h3>\n<h3>El gobernador Francisco Garc\u00eda Cabeza de Vaca tambi\u00e9n acompa\u00f1\u00f3 el Secretario Almirante a una visita en las instalaciones del Hospital Naval y a la construcci\u00f3n del nuevo Centro de Desarrollo Infantil Naval, ubicados en la base de Matamoros.<\/h3>\n<h3>Finalmente, el Gobernador del Estado y el Secretario de Marina realizaron un sobrevuelo de una hora, aproximadamente, en las inmediaciones del Puerto El Mezquital que se construye en la costa de Matamoros.<\/h3>\n","protected":false},"excerpt":{"rendered":"<p>09\/02\/2018 Edith Jimenez Matamoros, Tam.- El Gobernador Francisco Garc\u00eda Cabeza de Vaca entreg\u00f3 al secretario de Marina, Vidal Francisco Sober\u00f3n&hellip;<\/p>\n","protected":false},"author":1,"featured_media":23309,"comment_status":"closed","ping_status":"closed","sticky":false,"template":"","format":"standard","meta":{"footnotes":""},"categories":[1,13,4],"tags":[],"class_list":["post-23308","post","type-post","status-publish","format-standard","has-post-thumbnail","hentry","category-destacados","category-matamoros","category-tamaulipas"],"_links":{"self":[{"href":"http:\/\/www.alertaciudadana.info\/index.php?rest_route=\/wp\/v2\/posts\/23308","targetHints":{"allow":["GET"]}}],"collection":[{"href":"http:\/\/www.alertaciudadana.info\/index.php?rest_route=\/wp\/v2\/posts"}],"about":[{"href":"http:\/\/www.alertaciudadana.info\/index.php?rest_route=\/wp\/v2\/types\/post"}],"author":[{"embeddable":true,"href":"http:\/\/www.alertaciudadana.info\/index.php?rest_route=\/wp\/v2\/users\/1"}],"replies":[{"embeddable":true,"href":"http:\/\/www.alertaciudadana.info\/index.php?rest_route=%2Fwp%2Fv2%2Fcomments&post=23308"}],"version-history":[{"count":2,"href":"http:\/\/www.alertaciudadana.info\/index.php?rest_route=\/wp\/v2\/posts\/23308\/revisions"}],"predecessor-version":[{"id":25939,"href":"http:\/\/www.alertaciudadana.info\/index.php?rest_route=\/wp\/v2\/posts\/23308\/revisions\/25939"}],"wp:featuredmedia":[{"embeddable":true,"href":"http:\/\/www.alertaciudadana.info\/index.php?rest_route=\/wp\/v2\/media\/23309"}],"wp:attachment":[{"href":"http:\/\/www.alertaciudadana.info\/index.php?rest_route=%2Fwp%2Fv2%2Fmedia&parent=23308"}],"wp:term":[{"taxonomy":"category","embeddable":true,"href":"http:\/\/www.alertaciudadana.info\/index.php?rest_route=%2Fwp%2Fv2%2Fcategories&post=23308"},{"taxonomy":"post_tag","embeddable":true,"href":"http:\/\/www.alertaciudadana.info\/index.php?rest_route=%2Fwp%2Fv2%2Ftags&post=23308"}],"curies":[{"name":"wp","href":"https:\/\/api.w.org\/{rel}","templated":true}]}}