{"id":20815,"date":"2017-11-23T21:43:44","date_gmt":"2017-11-23T21:43:44","guid":{"rendered":"http:\/\/www.alertaciudadana.info\/?p=20815"},"modified":"2017-11-23T21:43:44","modified_gmt":"2017-11-23T21:43:44","slug":"cambios-en-areas-administrativas-y-operativas-en-el-estado","status":"publish","type":"post","link":"http:\/\/www.alertaciudadana.info\/?p=20815","title":{"rendered":"Cambios en \u00e1reas administrativas y operativas en el Estado"},"content":{"rendered":"<p><a href=\"http:\/\/www.alertaciudadana.info\/wp-content\/uploads\/2017\/11\/palacio-de-gobierno-de-Tamaulipas.jpg\" rel=\"attachment wp-att-20816\"><img loading=\"lazy\" decoding=\"async\" class=\"alignnone size-medium wp-image-20816\" src=\"http:\/\/www.alertaciudadana.info\/wp-content\/uploads\/2017\/11\/palacio-de-gobierno-de-Tamaulipas-300x230.jpg\" alt=\"palacio-de-gobierno-de-Tamaulipas\" width=\"300\" height=\"230\" srcset=\"http:\/\/www.alertaciudadana.info\/wp-content\/uploads\/2017\/11\/palacio-de-gobierno-de-Tamaulipas-300x230.jpg 300w, http:\/\/www.alertaciudadana.info\/wp-content\/uploads\/2017\/11\/palacio-de-gobierno-de-Tamaulipas.jpg 552w\" sizes=\"auto, (max-width: 300px) 100vw, 300px\" \/><\/a><\/p>\n<h3>Como parte del objetivo permanente de mejorar el desarrollo de la funci\u00f3n p\u00fablica en las distintas \u00e1reas de la administraci\u00f3n, el Gobierno de Tamaulipas anuncia que en los siguientes d\u00edas se realizar\u00e1 una serie de enroques de funcionarios de \u00e1reas administrativas y operativas.<\/h3>\n<h3>El actual Director General de Recursos Humanos de la Secretar\u00eda de Administraci\u00f3n, asumir\u00e1 la Subsecretar\u00eda de Administraci\u00f3n de la Secretar\u00eda de Educaci\u00f3n, ocupada por Eduardo del Real Soria, quien ahora ser\u00e1 Coordinador de Comisarios de la Contralor\u00eda Gubernamental.<\/h3>\n<h3>Mientras tanto, Jes\u00fas Alberto Salazar Anzald\u00faa, Coordinador General Administrativo de las oficinas del Gobernador, ocupar\u00e1 el cargo de Director General de Recursos Humanos de la Secretar\u00eda de Administraci\u00f3n.<\/h3>\n<h3>Enrique Feregrino Taboada, Quien funge como Coordinador Regional en Ciudad Victoria de la Procuradur\u00eda General de Justicia, ser\u00e1 ahora Segundo Subprocurador.<\/h3>\n<h3>Por su parte, Juan Jos\u00e9 Espino Ascanio, quien se desempe\u00f1a como Presidente de la Junta Especial 2 de Conciliaci\u00f3n y Arbitraje de Tampico, ser\u00e1 ahora Coordinador Regional Zona Sur de la Procuradur\u00eda General de Justicia de Tamaulipas.<\/h3>\n<h3>El Delegado del Transporte en Matamoros, Heriberto Morado Cisneros, ser\u00e1 ahora Subsecretario del Transporte P\u00fablico de la Secretar\u00eda General de Gobierno.<\/h3>\n<h3>El Gobierno de Tamaulipas refrenda su compromiso permanente de hacer m\u00e1s eficiente, en lo administrativo y operativo, el ejercicio de la administraci\u00f3n p\u00fablica, siempre teniendo como prioridad el beneficio de las familias de la entidad.<\/h3>\n","protected":false},"excerpt":{"rendered":"<p>Como parte del objetivo permanente de mejorar el desarrollo de la funci\u00f3n p\u00fablica en las distintas \u00e1reas de la administraci\u00f3n,&hellip;<\/p>\n","protected":false},"author":1,"featured_media":20816,"comment_status":"closed","ping_status":"closed","sticky":false,"template":"","format":"standard","meta":{"footnotes":""},"categories":[16,1],"tags":[],"class_list":["post-20815","post","type-post","status-publish","format-standard","has-post-thumbnail","hentry","category-ciudadvictoria","category-destacados"],"_links":{"self":[{"href":"http:\/\/www.alertaciudadana.info\/index.php?rest_route=\/wp\/v2\/posts\/20815","targetHints":{"allow":["GET"]}}],"collection":[{"href":"http:\/\/www.alertaciudadana.info\/index.php?rest_route=\/wp\/v2\/posts"}],"about":[{"href":"http:\/\/www.alertaciudadana.info\/index.php?rest_route=\/wp\/v2\/types\/post"}],"author":[{"embeddable":true,"href":"http:\/\/www.alertaciudadana.info\/index.php?rest_route=\/wp\/v2\/users\/1"}],"replies":[{"embeddable":true,"href":"http:\/\/www.alertaciudadana.info\/index.php?rest_route=%2Fwp%2Fv2%2Fcomments&post=20815"}],"version-history":[{"count":1,"href":"http:\/\/www.alertaciudadana.info\/index.php?rest_route=\/wp\/v2\/posts\/20815\/revisions"}],"predecessor-version":[{"id":20817,"href":"http:\/\/www.alertaciudadana.info\/index.php?rest_route=\/wp\/v2\/posts\/20815\/revisions\/20817"}],"wp:featuredmedia":[{"embeddable":true,"href":"http:\/\/www.alertaciudadana.info\/index.php?rest_route=\/wp\/v2\/media\/20816"}],"wp:attachment":[{"href":"http:\/\/www.alertaciudadana.info\/index.php?rest_route=%2Fwp%2Fv2%2Fmedia&parent=20815"}],"wp:term":[{"taxonomy":"category","embeddable":true,"href":"http:\/\/www.alertaciudadana.info\/index.php?rest_route=%2Fwp%2Fv2%2Fcategories&post=20815"},{"taxonomy":"post_tag","embeddable":true,"href":"http:\/\/www.alertaciudadana.info\/index.php?rest_route=%2Fwp%2Fv2%2Ftags&post=20815"}],"curies":[{"name":"wp","href":"https:\/\/api.w.org\/{rel}","templated":true}]}}