{"id":20433,"date":"2017-11-13T23:39:40","date_gmt":"2017-11-13T23:39:40","guid":{"rendered":"http:\/\/www.alertaciudadana.info\/?p=20433"},"modified":"2017-11-13T23:39:40","modified_gmt":"2017-11-13T23:39:40","slug":"detienen-a-secuestrador-de-migrantes","status":"publish","type":"post","link":"http:\/\/www.alertaciudadana.info\/?p=20433","title":{"rendered":"Detienen a secuestrador de migrantes"},"content":{"rendered":"<h3><a href=\"http:\/\/www.alertaciudadana.info\/wp-content\/uploads\/2017\/11\/Untitled-1.jpg\" rel=\"attachment wp-att-20434\"><img loading=\"lazy\" decoding=\"async\" class=\"alignnone size-medium wp-image-20434\" src=\"http:\/\/www.alertaciudadana.info\/wp-content\/uploads\/2017\/11\/Untitled-1-300x293.jpg\" alt=\"Untitled\" width=\"300\" height=\"293\" srcset=\"http:\/\/www.alertaciudadana.info\/wp-content\/uploads\/2017\/11\/Untitled-1-300x293.jpg 300w, http:\/\/www.alertaciudadana.info\/wp-content\/uploads\/2017\/11\/Untitled-1.jpg 523w\" sizes=\"auto, (max-width: 300px) 100vw, 300px\" \/><\/a><\/h3>\n<h3>La Procuradur\u00eda General de Justicia de Tamaulipas a trav\u00e9s de la Coordinaci\u00f3n Estatal Antisecuestros en la Ciudad de Altamira, cumpliment\u00f3 orden de reaprehensi\u00f3n en contra de Mario Isa\u00ed \u201cN\u201d por el delito de Secuestro.<\/h3>\n<h3>Dicha persona fue detenida, por personal de la SEMAR, al encontrarlo cuidando de un grupo de personas migrantes que se encontraban secuestradas, siendo puesto a disposici\u00f3n del Ministerio P\u00fablico; Mario Isa\u00ed \u201cN\u201d durante el proceso fue liberado, resoluci\u00f3n que fue apelada y llevada a segunda instancia, que resolvi\u00f3 a favor de la Autoridad Ministerial librando la orden de reaprehensi\u00f3n.<\/h3>\n<h3>Derivado de los trabajos de inteligencia y seguimiento de los elementos de la CEA se logr\u00f3 la reaprehensi\u00f3n de Mario Isa\u00ed \u201cN\u201d, quienes al cerciorarse de la identidad del mismo fue detenido para ser puesto a disposici\u00f3n de la autoridad judicial correspondiente.<\/h3>\n<h3>Con acciones como \u00e9stas el Gobierno del Estado a trav\u00e9s de la Procuradur\u00eda General de Justicia refrenda su compromiso con la sociedad Tamaulipeca en la lucha contra quienes atenten con libertad\u00a0 de las personas y con los hechos delictivos que afectan gravemente la paz y el orden p\u00fablico.<\/h3>\n","protected":false},"excerpt":{"rendered":"<p>La Procuradur\u00eda General de Justicia de Tamaulipas a trav\u00e9s de la Coordinaci\u00f3n Estatal Antisecuestros en la Ciudad de Altamira, cumpliment\u00f3&hellip;<\/p>\n","protected":false},"author":1,"featured_media":20434,"comment_status":"closed","ping_status":"closed","sticky":false,"template":"","format":"standard","meta":{"footnotes":""},"categories":[16,1,8],"tags":[],"class_list":["post-20433","post","type-post","status-publish","format-standard","has-post-thumbnail","hentry","category-ciudadvictoria","category-destacados","category-policiaca"],"_links":{"self":[{"href":"http:\/\/www.alertaciudadana.info\/index.php?rest_route=\/wp\/v2\/posts\/20433","targetHints":{"allow":["GET"]}}],"collection":[{"href":"http:\/\/www.alertaciudadana.info\/index.php?rest_route=\/wp\/v2\/posts"}],"about":[{"href":"http:\/\/www.alertaciudadana.info\/index.php?rest_route=\/wp\/v2\/types\/post"}],"author":[{"embeddable":true,"href":"http:\/\/www.alertaciudadana.info\/index.php?rest_route=\/wp\/v2\/users\/1"}],"replies":[{"embeddable":true,"href":"http:\/\/www.alertaciudadana.info\/index.php?rest_route=%2Fwp%2Fv2%2Fcomments&post=20433"}],"version-history":[{"count":1,"href":"http:\/\/www.alertaciudadana.info\/index.php?rest_route=\/wp\/v2\/posts\/20433\/revisions"}],"predecessor-version":[{"id":20435,"href":"http:\/\/www.alertaciudadana.info\/index.php?rest_route=\/wp\/v2\/posts\/20433\/revisions\/20435"}],"wp:featuredmedia":[{"embeddable":true,"href":"http:\/\/www.alertaciudadana.info\/index.php?rest_route=\/wp\/v2\/media\/20434"}],"wp:attachment":[{"href":"http:\/\/www.alertaciudadana.info\/index.php?rest_route=%2Fwp%2Fv2%2Fmedia&parent=20433"}],"wp:term":[{"taxonomy":"category","embeddable":true,"href":"http:\/\/www.alertaciudadana.info\/index.php?rest_route=%2Fwp%2Fv2%2Fcategories&post=20433"},{"taxonomy":"post_tag","embeddable":true,"href":"http:\/\/www.alertaciudadana.info\/index.php?rest_route=%2Fwp%2Fv2%2Ftags&post=20433"}],"curies":[{"name":"wp","href":"https:\/\/api.w.org\/{rel}","templated":true}]}}