{"id":20430,"date":"2017-11-13T23:34:00","date_gmt":"2017-11-13T23:34:00","guid":{"rendered":"http:\/\/www.alertaciudadana.info\/?p=20430"},"modified":"2017-11-13T23:40:38","modified_gmt":"2017-11-13T23:40:38","slug":"140-anos-de-prision-a-secuestrador","status":"publish","type":"post","link":"http:\/\/www.alertaciudadana.info\/?p=20430","title":{"rendered":"140 a\u00f1os de prisi\u00f3n a secuestrador"},"content":{"rendered":"<p><a href=\"http:\/\/www.alertaciudadana.info\/wp-content\/uploads\/2017\/11\/Untitled.jpg\" rel=\"attachment wp-att-20431\"><img loading=\"lazy\" decoding=\"async\" class=\"alignnone size-medium wp-image-20431\" src=\"http:\/\/www.alertaciudadana.info\/wp-content\/uploads\/2017\/11\/Untitled-273x300.jpg\" alt=\"Untitled\" width=\"273\" height=\"300\" srcset=\"http:\/\/www.alertaciudadana.info\/wp-content\/uploads\/2017\/11\/Untitled-273x300.jpg 273w, http:\/\/www.alertaciudadana.info\/wp-content\/uploads\/2017\/11\/Untitled.jpg 452w\" sizes=\"auto, (max-width: 273px) 100vw, 273px\" \/><\/a><\/p>\n<h3>La Procuradur\u00eda General de Justicia de Tamaulipas a trav\u00e9s de la Coordinaci\u00f3n Estatal Antisecuestros (CEA), obtuvo en el municipio de Matamoros, una sentencia condenatoria con una pena de 140 a\u00f1os de prisi\u00f3n y multa de 13 mil unidades en contra de Jes\u00fas Miguel \u201cN\u201d, por su total participaci\u00f3n en el delito de Secuestro Agravado, convirti\u00e9ndola en la segunda sentencia m\u00e1s alta en penalidad en el estado.<br \/>\nDerivado de las acciones de los elementos de la CEA en colaboraci\u00f3n con SEDENA, dicha persona fue detenida siendo part\u00edcipe del secuestro de un empresario a quien mantuvo en cautiverio en una de las habitaciones de un hotel ubicado a las afueras del Municipio de Matamoros, lugar en donde se logr\u00f3 la liberaci\u00f3n de la v\u00edctima y su detenci\u00f3n para ser puesto disposici\u00f3n del Ministerio P\u00fablico especializado en el Combate al Secuestro.<\/h3>\n<h3>Con acciones como \u00e9stas, el Gobierno del Estado a trav\u00e9s de la Procuradur\u00eda General de Justicia refrenda su compromiso de hacer uso de todos los instrumentos jur\u00eddicos a su alcance para combatir al secuestro y dar continuidad ante juzgados para castigar a los responsables de ese delito que afecta gravemente el orden social y atenta contra la libertad y el patrimonio de los tamaulipecos.<\/h3>\n","protected":false},"excerpt":{"rendered":"<p>La Procuradur\u00eda General de Justicia de Tamaulipas a trav\u00e9s de la Coordinaci\u00f3n Estatal Antisecuestros (CEA), obtuvo en el municipio de&hellip;<\/p>\n","protected":false},"author":1,"featured_media":20431,"comment_status":"closed","ping_status":"closed","sticky":false,"template":"","format":"standard","meta":{"footnotes":""},"categories":[16,1,8],"tags":[],"class_list":["post-20430","post","type-post","status-publish","format-standard","has-post-thumbnail","hentry","category-ciudadvictoria","category-destacados","category-policiaca"],"_links":{"self":[{"href":"http:\/\/www.alertaciudadana.info\/index.php?rest_route=\/wp\/v2\/posts\/20430","targetHints":{"allow":["GET"]}}],"collection":[{"href":"http:\/\/www.alertaciudadana.info\/index.php?rest_route=\/wp\/v2\/posts"}],"about":[{"href":"http:\/\/www.alertaciudadana.info\/index.php?rest_route=\/wp\/v2\/types\/post"}],"author":[{"embeddable":true,"href":"http:\/\/www.alertaciudadana.info\/index.php?rest_route=\/wp\/v2\/users\/1"}],"replies":[{"embeddable":true,"href":"http:\/\/www.alertaciudadana.info\/index.php?rest_route=%2Fwp%2Fv2%2Fcomments&post=20430"}],"version-history":[{"count":2,"href":"http:\/\/www.alertaciudadana.info\/index.php?rest_route=\/wp\/v2\/posts\/20430\/revisions"}],"predecessor-version":[{"id":20436,"href":"http:\/\/www.alertaciudadana.info\/index.php?rest_route=\/wp\/v2\/posts\/20430\/revisions\/20436"}],"wp:featuredmedia":[{"embeddable":true,"href":"http:\/\/www.alertaciudadana.info\/index.php?rest_route=\/wp\/v2\/media\/20431"}],"wp:attachment":[{"href":"http:\/\/www.alertaciudadana.info\/index.php?rest_route=%2Fwp%2Fv2%2Fmedia&parent=20430"}],"wp:term":[{"taxonomy":"category","embeddable":true,"href":"http:\/\/www.alertaciudadana.info\/index.php?rest_route=%2Fwp%2Fv2%2Fcategories&post=20430"},{"taxonomy":"post_tag","embeddable":true,"href":"http:\/\/www.alertaciudadana.info\/index.php?rest_route=%2Fwp%2Fv2%2Ftags&post=20430"}],"curies":[{"name":"wp","href":"https:\/\/api.w.org\/{rel}","templated":true}]}}