{"id":20290,"date":"2017-11-08T18:02:40","date_gmt":"2017-11-08T18:02:40","guid":{"rendered":"http:\/\/www.alertaciudadana.info\/?p=20290"},"modified":"2017-11-08T18:02:40","modified_gmt":"2017-11-08T18:02:40","slug":"asisten-470-mil-a-feria-tam-2017","status":"publish","type":"post","link":"http:\/\/www.alertaciudadana.info\/?p=20290","title":{"rendered":"Asisten 470 mil a feria Tam 2017"},"content":{"rendered":"<p><a href=\"http:\/\/www.alertaciudadana.info\/wp-content\/uploads\/2017\/11\/TAM-274-2017.-Asisten-470-mil-a-Feria-Tam-2017.-11.jpg\" rel=\"attachment wp-att-20291\"><img loading=\"lazy\" decoding=\"async\" class=\"alignnone size-medium wp-image-20291\" src=\"http:\/\/www.alertaciudadana.info\/wp-content\/uploads\/2017\/11\/TAM-274-2017.-Asisten-470-mil-a-Feria-Tam-2017.-11-300x169.jpg\" alt=\"TAM-274-2017.-Asisten-470-mil-a-Feria-Tam-2017.-11\" width=\"300\" height=\"169\" srcset=\"http:\/\/www.alertaciudadana.info\/wp-content\/uploads\/2017\/11\/TAM-274-2017.-Asisten-470-mil-a-Feria-Tam-2017.-11-300x169.jpg 300w, http:\/\/www.alertaciudadana.info\/wp-content\/uploads\/2017\/11\/TAM-274-2017.-Asisten-470-mil-a-Feria-Tam-2017.-11-768x432.jpg 768w, http:\/\/www.alertaciudadana.info\/wp-content\/uploads\/2017\/11\/TAM-274-2017.-Asisten-470-mil-a-Feria-Tam-2017.-11-1024x576.jpg 1024w, http:\/\/www.alertaciudadana.info\/wp-content\/uploads\/2017\/11\/TAM-274-2017.-Asisten-470-mil-a-Feria-Tam-2017.-11.jpg 1200w\" sizes=\"auto, (max-width: 300px) 100vw, 300px\" \/><\/a><\/p>\n<h3>Ciudad Victoria, Tam.-Miles de tamaulipecos de todas las edades disfrutaron de eventos culturales, art\u00edsticos y recreativos en un ambiente familiar y seguro, con la organizaci\u00f3n del Gobierno de Tamaulipas, a trav\u00e9s de la Secretar\u00eda de Desarrollo Econ\u00f3mico y el resto de dependencias estatales.<\/h3>\n<h3>La Feria Tamaulipas 2017 cont\u00f3 con la participaci\u00f3n especial del estado de Quer\u00e9taro, entidad que mostr\u00f3 de su folclore y gastronom\u00eda a los visitantes.<\/h3>\n<h3>En el Teatro del Pueblo se presentaron Duelo, Carlos Rivera, Los Invasores de Nuevo Le\u00f3n, Tropical Panam\u00e1, Corceles de Linares, Hechizeros de Linares, Tigrillos, Divisi\u00f3n Min\u00fascula, Intocable, Mar\u00eda Jos\u00e9, Matute, El Plan, Los \u00danikos, L\u00edricos Jr, Sonora Karma, \u00c1ngeles Azules, Bronco, Banda Los Sebastianes, Napole\u00f3n y la Banda MS.<\/h3>\n<h3>Mientras que Pesado, Emmanuel y Mijares, fueron las estrellas que hicieron bailar y cantar a todos en el Centro de Espect\u00e1culos.<\/h3>\n<h3>Dando impulso a la cultura tradicional, se realiz\u00f3 la primera muestra nacional de ganado Beefmaster en nuestra regi\u00f3n, se montaron eventos de jaripeo, charreadas y el primer torneo estatal Charro-Tam.<\/h3>\n<h3>Uno de los ejes principales del plan integral del Gobernador Francisco Garc\u00eda Cabeza de Vaca para recuperar la paz, se impulsa generando espacios de esparcimiento familiar, un ejemplo de esto es la Feria Tamaulipas.<\/h3>\n<h3>Para garantizar la seguridad fue organizado un dispositivo de vigilancia integrado por autoridades de los tres niveles de gobierno.<\/h3>\n<h3>La fiesta la hicimos todos, el Gobierno de Tamaulipas agradece la participaci\u00f3n de todos en esta gran celebraci\u00f3n, nos vemos el pr\u00f3ximo a\u00f1o.<\/h3>\n<h3><\/h3>\n","protected":false},"excerpt":{"rendered":"<p>Ciudad Victoria, Tam.-Miles de tamaulipecos de todas las edades disfrutaron de eventos culturales, art\u00edsticos y recreativos en un ambiente familiar&hellip;<\/p>\n","protected":false},"author":1,"featured_media":20291,"comment_status":"closed","ping_status":"closed","sticky":false,"template":"","format":"standard","meta":{"footnotes":""},"categories":[16,1],"tags":[],"class_list":["post-20290","post","type-post","status-publish","format-standard","has-post-thumbnail","hentry","category-ciudadvictoria","category-destacados"],"_links":{"self":[{"href":"http:\/\/www.alertaciudadana.info\/index.php?rest_route=\/wp\/v2\/posts\/20290","targetHints":{"allow":["GET"]}}],"collection":[{"href":"http:\/\/www.alertaciudadana.info\/index.php?rest_route=\/wp\/v2\/posts"}],"about":[{"href":"http:\/\/www.alertaciudadana.info\/index.php?rest_route=\/wp\/v2\/types\/post"}],"author":[{"embeddable":true,"href":"http:\/\/www.alertaciudadana.info\/index.php?rest_route=\/wp\/v2\/users\/1"}],"replies":[{"embeddable":true,"href":"http:\/\/www.alertaciudadana.info\/index.php?rest_route=%2Fwp%2Fv2%2Fcomments&post=20290"}],"version-history":[{"count":1,"href":"http:\/\/www.alertaciudadana.info\/index.php?rest_route=\/wp\/v2\/posts\/20290\/revisions"}],"predecessor-version":[{"id":20292,"href":"http:\/\/www.alertaciudadana.info\/index.php?rest_route=\/wp\/v2\/posts\/20290\/revisions\/20292"}],"wp:featuredmedia":[{"embeddable":true,"href":"http:\/\/www.alertaciudadana.info\/index.php?rest_route=\/wp\/v2\/media\/20291"}],"wp:attachment":[{"href":"http:\/\/www.alertaciudadana.info\/index.php?rest_route=%2Fwp%2Fv2%2Fmedia&parent=20290"}],"wp:term":[{"taxonomy":"category","embeddable":true,"href":"http:\/\/www.alertaciudadana.info\/index.php?rest_route=%2Fwp%2Fv2%2Fcategories&post=20290"},{"taxonomy":"post_tag","embeddable":true,"href":"http:\/\/www.alertaciudadana.info\/index.php?rest_route=%2Fwp%2Fv2%2Ftags&post=20290"}],"curies":[{"name":"wp","href":"https:\/\/api.w.org\/{rel}","templated":true}]}}