{"id":20287,"date":"2017-11-08T17:58:59","date_gmt":"2017-11-08T17:58:59","guid":{"rendered":"http:\/\/www.alertaciudadana.info\/?p=20287"},"modified":"2017-11-08T17:58:59","modified_gmt":"2017-11-08T17:58:59","slug":"gobernador-y-diputados-federales-analizan-defensa-del-presupuesto-para-tamaulipas","status":"publish","type":"post","link":"http:\/\/www.alertaciudadana.info\/?p=20287","title":{"rendered":"Gobernador y Diputados Federales analizan defensa del presupuesto para Tamaulipas"},"content":{"rendered":"<p><a href=\"http:\/\/www.alertaciudadana.info\/wp-content\/uploads\/2017\/11\/TAM-275-2017.-Gobernador-y-Diputados-Federales-se-re\u00fanen-para-analizar-defensa-del-presupuesto-para-Tamaulipas..jpeg\" rel=\"attachment wp-att-20288\"><img loading=\"lazy\" decoding=\"async\" class=\"alignnone size-medium wp-image-20288\" src=\"http:\/\/www.alertaciudadana.info\/wp-content\/uploads\/2017\/11\/TAM-275-2017.-Gobernador-y-Diputados-Federales-se-re\u00fanen-para-analizar-defensa-del-presupuesto-para-Tamaulipas.-300x200.jpeg\" alt=\"TAM-275-2017.-Gobernador-y-Diputados-Federales-se-re\u00fanen-para-analizar-defensa-del-presupuesto-para-Tamaulipas.\" width=\"300\" height=\"200\" srcset=\"http:\/\/www.alertaciudadana.info\/wp-content\/uploads\/2017\/11\/TAM-275-2017.-Gobernador-y-Diputados-Federales-se-re\u00fanen-para-analizar-defensa-del-presupuesto-para-Tamaulipas.-300x200.jpeg 300w, http:\/\/www.alertaciudadana.info\/wp-content\/uploads\/2017\/11\/TAM-275-2017.-Gobernador-y-Diputados-Federales-se-re\u00fanen-para-analizar-defensa-del-presupuesto-para-Tamaulipas.-768x512.jpeg 768w, http:\/\/www.alertaciudadana.info\/wp-content\/uploads\/2017\/11\/TAM-275-2017.-Gobernador-y-Diputados-Federales-se-re\u00fanen-para-analizar-defensa-del-presupuesto-para-Tamaulipas.-1024x683.jpeg 1024w, http:\/\/www.alertaciudadana.info\/wp-content\/uploads\/2017\/11\/TAM-275-2017.-Gobernador-y-Diputados-Federales-se-re\u00fanen-para-analizar-defensa-del-presupuesto-para-Tamaulipas..jpeg 1200w\" sizes=\"auto, (max-width: 300px) 100vw, 300px\" \/><\/a><\/p>\n<h3>Ciudad de M\u00e9xico.- El Gobernador Francisco Garc\u00eda Cabeza de Vaca convoc\u00f3 a los Diputados Federales de Tamaulipas, de todos los partidos, a integrar un frente que defienda un presupuesto que responda de manera adecuada a las necesidades en materia de infraestructura y desarrollo que demandan los tamaulipecos.<\/h3>\n<h3>Garc\u00eda Cabeza de Vaca se reuni\u00f3 con los legisladores a fin de dialogar sobre los proyectos que existen por parte del Gobierno de Tamaulipas para la entidad y c\u00f3mo los legisladores pueden contribuir al momento de participar integrando el Presupuesto correspondiente al 2018.<\/h3>\n<h3>Durante el encuentro, los legisladores acordaron participar con el mismo objetivo en mente, a fin de asegurar que a Tamaulipas se le asignen los recursos suficientes para poder desarrollar los proyectos, principalmente en materia de infraestructura, desarrollo para el campo y atenci\u00f3n social, con los que se cuenta.<\/h3>\n<h3>Al encuentro, asisti\u00f3 tambi\u00e9n la Secretaria de Finanzas de Tamaulipas, Mar\u00eda de Lourdes Arteaga Reyna, que explic\u00f3 a los legisladores c\u00f3mo gracias a una pol\u00edtica responsable del manejo de recursos, ha sido posible mejorar la calificaci\u00f3n crediticia del estado y por consecuencia lograr una reestructuraci\u00f3n que le permitir\u00e1 ahorros a la administraci\u00f3n, mismos que podr\u00e1n destinarse a robustecer, con recursos propios, los proyectos de la entidad.<\/h3>\n<h3>Al encuentro asistieron los Diputados Federales, Yahleel Abdal\u00e1 Carmona, Monserrat Alicia Arcos, Pedro Luis Coronado, Miguel \u00c1ngel Gonz\u00e1lez Salum, Luis Alejandro Guevara Cobos, Edgardo Melhem Salinas, Esdras Romero Vega, Elva Lidia Valles Olvera, C\u00e9sar Augusto Rend\u00f3n Garc\u00eda, Jes\u00fas Rafael M\u00e9ndez Salas y Abdies Pineda Mor\u00edn.<\/h3>\n<h3>Tambi\u00e9n asisti\u00f3 a la reuni\u00f3n la Secretaria de Obras P\u00fablicas del estado, Cecilia del Alto L\u00f3pez.<\/h3>\n<h3>La C\u00e1mara de Diputados sesionar\u00e1 este jueves para votar el Presupuesto de Egresos correspondiente al 2018.<\/h3>\n<h3>El presupuesto federal asignado a Tamaulipas en el 2017 fue cercano a los $48,000 millones de pesos.<\/h3>\n","protected":false},"excerpt":{"rendered":"<p>Ciudad de M\u00e9xico.- El Gobernador Francisco Garc\u00eda Cabeza de Vaca convoc\u00f3 a los Diputados Federales de Tamaulipas, de todos los&hellip;<\/p>\n","protected":false},"author":1,"featured_media":20288,"comment_status":"closed","ping_status":"closed","sticky":false,"template":"","format":"standard","meta":{"footnotes":""},"categories":[1,4],"tags":[],"class_list":["post-20287","post","type-post","status-publish","format-standard","has-post-thumbnail","hentry","category-destacados","category-tamaulipas"],"_links":{"self":[{"href":"http:\/\/www.alertaciudadana.info\/index.php?rest_route=\/wp\/v2\/posts\/20287","targetHints":{"allow":["GET"]}}],"collection":[{"href":"http:\/\/www.alertaciudadana.info\/index.php?rest_route=\/wp\/v2\/posts"}],"about":[{"href":"http:\/\/www.alertaciudadana.info\/index.php?rest_route=\/wp\/v2\/types\/post"}],"author":[{"embeddable":true,"href":"http:\/\/www.alertaciudadana.info\/index.php?rest_route=\/wp\/v2\/users\/1"}],"replies":[{"embeddable":true,"href":"http:\/\/www.alertaciudadana.info\/index.php?rest_route=%2Fwp%2Fv2%2Fcomments&post=20287"}],"version-history":[{"count":1,"href":"http:\/\/www.alertaciudadana.info\/index.php?rest_route=\/wp\/v2\/posts\/20287\/revisions"}],"predecessor-version":[{"id":20289,"href":"http:\/\/www.alertaciudadana.info\/index.php?rest_route=\/wp\/v2\/posts\/20287\/revisions\/20289"}],"wp:featuredmedia":[{"embeddable":true,"href":"http:\/\/www.alertaciudadana.info\/index.php?rest_route=\/wp\/v2\/media\/20288"}],"wp:attachment":[{"href":"http:\/\/www.alertaciudadana.info\/index.php?rest_route=%2Fwp%2Fv2%2Fmedia&parent=20287"}],"wp:term":[{"taxonomy":"category","embeddable":true,"href":"http:\/\/www.alertaciudadana.info\/index.php?rest_route=%2Fwp%2Fv2%2Fcategories&post=20287"},{"taxonomy":"post_tag","embeddable":true,"href":"http:\/\/www.alertaciudadana.info\/index.php?rest_route=%2Fwp%2Fv2%2Ftags&post=20287"}],"curies":[{"name":"wp","href":"https:\/\/api.w.org\/{rel}","templated":true}]}}