{"id":18873,"date":"2017-09-23T02:05:59","date_gmt":"2017-09-23T02:05:59","guid":{"rendered":"http:\/\/www.alertaciudadana.info\/?p=18873"},"modified":"2017-09-23T02:05:59","modified_gmt":"2017-09-23T02:05:59","slug":"solicitan-ejidos-transporte-escolar","status":"publish","type":"post","link":"http:\/\/www.alertaciudadana.info\/?p=18873","title":{"rendered":"Solicitan Ejidos transporte escolar"},"content":{"rendered":"<p><a href=\"http:\/\/www.alertaciudadana.info\/wp-content\/uploads\/2017\/09\/IMG_9590-e1506131982732.jpg\" rel=\"attachment wp-att-18880\"><img loading=\"lazy\" decoding=\"async\" class=\"alignnone size-medium wp-image-18880\" src=\"http:\/\/www.alertaciudadana.info\/wp-content\/uploads\/2017\/09\/IMG_9590-e1506131982732-300x213.jpg\" alt=\"IMG_9590\" width=\"300\" height=\"213\" srcset=\"http:\/\/www.alertaciudadana.info\/wp-content\/uploads\/2017\/09\/IMG_9590-e1506131982732-300x213.jpg 300w, http:\/\/www.alertaciudadana.info\/wp-content\/uploads\/2017\/09\/IMG_9590-e1506131982732-768x545.jpg 768w, http:\/\/www.alertaciudadana.info\/wp-content\/uploads\/2017\/09\/IMG_9590-e1506131982732-1024x727.jpg 1024w, http:\/\/www.alertaciudadana.info\/wp-content\/uploads\/2017\/09\/IMG_9590-e1506131982732.jpg 1420w\" sizes=\"auto, (max-width: 300px) 100vw, 300px\" \/><\/a><a href=\"http:\/\/www.alertaciudadana.info\/wp-content\/uploads\/2017\/09\/IMG_20170915_115340.jpg\" rel=\"attachment wp-att-18735\"><img loading=\"lazy\" decoding=\"async\" class=\"alignnone size-medium wp-image-18735\" src=\"http:\/\/www.alertaciudadana.info\/wp-content\/uploads\/2017\/09\/IMG_20170915_115340-300x225.jpg\" alt=\"IMG_20170915_115340\" width=\"300\" height=\"225\" srcset=\"http:\/\/www.alertaciudadana.info\/wp-content\/uploads\/2017\/09\/IMG_20170915_115340-300x225.jpg 300w, http:\/\/www.alertaciudadana.info\/wp-content\/uploads\/2017\/09\/IMG_20170915_115340-768x576.jpg 768w, http:\/\/www.alertaciudadana.info\/wp-content\/uploads\/2017\/09\/IMG_20170915_115340-1024x768.jpg 1024w\" sizes=\"auto, (max-width: 300px) 100vw, 300px\" \/><\/a><\/p>\n<h3>Edith Jimenez<\/h3>\n<h3>Reynosa, Tam.-El Sistema DIF Reynosa se encuentra visitando los Ejidos de Reynosa, buscando con ello disminuir las carencias que se tienen.<\/h3>\n<h3>Oral\u00eda Cant\u00fa Cant\u00fa, Directora de la dependencia, explic\u00f3 que se les ha solicitado principalmente el apoyo con transporte escolar, debido a que en el caso del Ejido Periquitos no se cuenta con ello, lo cual dificulta la asistencia de los menores a planteles educativos.<\/h3>\n<h3>\u00abHay muchas necesidades, pero ultimamente nos solicitaron el transporte escolar, hemos tratado de resolver todas las problematicas que nos mencionan, poco a poco, las necesidades del Ejido son muy diferentes a las de la ciudad, la gente es muy trabajadora y sus peticiones son para poder trabajar y sacar adelante a sus familias\u00bb.<\/h3>\n<h3>A\u00f1adiendo que el Sistema DIF trabaja para mejorar las condiciones de vida de la poblaci\u00f3n en el sector rural.<\/h3>\n<p>&nbsp;<\/p>\n<p>&nbsp;<\/p>\n<p>&nbsp;<\/p>\n<p>&nbsp;<\/p>\n","protected":false},"excerpt":{"rendered":"<p>Edith Jimenez Reynosa, Tam.-El Sistema DIF Reynosa se encuentra visitando los Ejidos de Reynosa, buscando con ello disminuir las carencias&hellip;<\/p>\n","protected":false},"author":1,"featured_media":18880,"comment_status":"closed","ping_status":"closed","sticky":false,"template":"","format":"standard","meta":{"footnotes":""},"categories":[1,2],"tags":[],"class_list":["post-18873","post","type-post","status-publish","format-standard","has-post-thumbnail","hentry","category-destacados","category-reynosa"],"_links":{"self":[{"href":"http:\/\/www.alertaciudadana.info\/index.php?rest_route=\/wp\/v2\/posts\/18873","targetHints":{"allow":["GET"]}}],"collection":[{"href":"http:\/\/www.alertaciudadana.info\/index.php?rest_route=\/wp\/v2\/posts"}],"about":[{"href":"http:\/\/www.alertaciudadana.info\/index.php?rest_route=\/wp\/v2\/types\/post"}],"author":[{"embeddable":true,"href":"http:\/\/www.alertaciudadana.info\/index.php?rest_route=\/wp\/v2\/users\/1"}],"replies":[{"embeddable":true,"href":"http:\/\/www.alertaciudadana.info\/index.php?rest_route=%2Fwp%2Fv2%2Fcomments&post=18873"}],"version-history":[{"count":1,"href":"http:\/\/www.alertaciudadana.info\/index.php?rest_route=\/wp\/v2\/posts\/18873\/revisions"}],"predecessor-version":[{"id":18881,"href":"http:\/\/www.alertaciudadana.info\/index.php?rest_route=\/wp\/v2\/posts\/18873\/revisions\/18881"}],"wp:featuredmedia":[{"embeddable":true,"href":"http:\/\/www.alertaciudadana.info\/index.php?rest_route=\/wp\/v2\/media\/18880"}],"wp:attachment":[{"href":"http:\/\/www.alertaciudadana.info\/index.php?rest_route=%2Fwp%2Fv2%2Fmedia&parent=18873"}],"wp:term":[{"taxonomy":"category","embeddable":true,"href":"http:\/\/www.alertaciudadana.info\/index.php?rest_route=%2Fwp%2Fv2%2Fcategories&post=18873"},{"taxonomy":"post_tag","embeddable":true,"href":"http:\/\/www.alertaciudadana.info\/index.php?rest_route=%2Fwp%2Fv2%2Ftags&post=18873"}],"curies":[{"name":"wp","href":"https:\/\/api.w.org\/{rel}","templated":true}]}}