{"id":18237,"date":"2017-09-01T02:45:03","date_gmt":"2017-09-01T02:45:03","guid":{"rendered":"http:\/\/www.alertaciudadana.info\/?p=18237"},"modified":"2017-09-01T02:45:03","modified_gmt":"2017-09-01T02:45:03","slug":"instalan-senalamientos-preventivos","status":"publish","type":"post","link":"http:\/\/www.alertaciudadana.info\/?p=18237","title":{"rendered":"Instalan se\u00f1alamientos preventivos"},"content":{"rendered":"<p><a href=\"http:\/\/www.alertaciudadana.info\/wp-content\/uploads\/2017\/09\/image001.jpg\" rel=\"attachment wp-att-18238\"><img loading=\"lazy\" decoding=\"async\" class=\"alignnone size-medium wp-image-18238\" src=\"http:\/\/www.alertaciudadana.info\/wp-content\/uploads\/2017\/09\/image001-300x169.jpg\" alt=\"image001\" width=\"300\" height=\"169\" srcset=\"http:\/\/www.alertaciudadana.info\/wp-content\/uploads\/2017\/09\/image001-300x169.jpg 300w, http:\/\/www.alertaciudadana.info\/wp-content\/uploads\/2017\/09\/image001-768x432.jpg 768w, http:\/\/www.alertaciudadana.info\/wp-content\/uploads\/2017\/09\/image001-1024x576.jpg 1024w, http:\/\/www.alertaciudadana.info\/wp-content\/uploads\/2017\/09\/image001.jpg 1280w\" sizes=\"auto, (max-width: 300px) 100vw, 300px\" \/><\/a><\/p>\n<h3>31\/08\/2017<\/h3>\n<h3>Reynosa, Tam.-Como una medida de seguridad para transe\u00fantes y automovilistas, la Coordinaci\u00f3n de Protecci\u00f3n Civil y Bomberos realiza desde hace dos meses, por instrucciones de la alcaldesa Maki Esther Ortiz Dom\u00ednguez, la instalaci\u00f3n de se\u00f1alamientos preventivos en distintas \u00e1reas.<\/h3>\n<h3>Donde se ubican ca\u00eddos del drenaje sanitario, donde tambi\u00e9n efect\u00faan acordonamiento con la colocaci\u00f3n de costales de arena, como se hizo en Amado Nervo y Jaime Nun\u00f3 de la colonia Cavazos; Ter\u00e1n con Col\u00f3n de la Zona Centro y en Am\u00e9rico Villarreal con Insurgentes de la colonia El Anhelo.<\/h3>\n<h3>As\u00ed mismo se invita a los ciudadanos a ayudar a cuidar estos se\u00f1alamientos para seguridad de todos y cualquier acto de vandalismo puede ser reportado al N\u00famero de Emergencias 911.<\/h3>\n","protected":false},"excerpt":{"rendered":"<p>31\/08\/2017 Reynosa, Tam.-Como una medida de seguridad para transe\u00fantes y automovilistas, la Coordinaci\u00f3n de Protecci\u00f3n Civil y Bomberos realiza desde&hellip;<\/p>\n","protected":false},"author":1,"featured_media":18238,"comment_status":"closed","ping_status":"closed","sticky":false,"template":"","format":"standard","meta":{"footnotes":""},"categories":[1,2],"tags":[],"class_list":["post-18237","post","type-post","status-publish","format-standard","has-post-thumbnail","hentry","category-destacados","category-reynosa"],"_links":{"self":[{"href":"http:\/\/www.alertaciudadana.info\/index.php?rest_route=\/wp\/v2\/posts\/18237","targetHints":{"allow":["GET"]}}],"collection":[{"href":"http:\/\/www.alertaciudadana.info\/index.php?rest_route=\/wp\/v2\/posts"}],"about":[{"href":"http:\/\/www.alertaciudadana.info\/index.php?rest_route=\/wp\/v2\/types\/post"}],"author":[{"embeddable":true,"href":"http:\/\/www.alertaciudadana.info\/index.php?rest_route=\/wp\/v2\/users\/1"}],"replies":[{"embeddable":true,"href":"http:\/\/www.alertaciudadana.info\/index.php?rest_route=%2Fwp%2Fv2%2Fcomments&post=18237"}],"version-history":[{"count":1,"href":"http:\/\/www.alertaciudadana.info\/index.php?rest_route=\/wp\/v2\/posts\/18237\/revisions"}],"predecessor-version":[{"id":18239,"href":"http:\/\/www.alertaciudadana.info\/index.php?rest_route=\/wp\/v2\/posts\/18237\/revisions\/18239"}],"wp:featuredmedia":[{"embeddable":true,"href":"http:\/\/www.alertaciudadana.info\/index.php?rest_route=\/wp\/v2\/media\/18238"}],"wp:attachment":[{"href":"http:\/\/www.alertaciudadana.info\/index.php?rest_route=%2Fwp%2Fv2%2Fmedia&parent=18237"}],"wp:term":[{"taxonomy":"category","embeddable":true,"href":"http:\/\/www.alertaciudadana.info\/index.php?rest_route=%2Fwp%2Fv2%2Fcategories&post=18237"},{"taxonomy":"post_tag","embeddable":true,"href":"http:\/\/www.alertaciudadana.info\/index.php?rest_route=%2Fwp%2Fv2%2Ftags&post=18237"}],"curies":[{"name":"wp","href":"https:\/\/api.w.org\/{rel}","templated":true}]}}