{"id":18228,"date":"2017-09-01T02:15:29","date_gmt":"2017-09-01T02:15:29","guid":{"rendered":"http:\/\/www.alertaciudadana.info\/?p=18228"},"modified":"2017-09-01T02:15:29","modified_gmt":"2017-09-01T02:15:29","slug":"detienen-a-5-en-vehiculo-robado","status":"publish","type":"post","link":"http:\/\/www.alertaciudadana.info\/?p=18228","title":{"rendered":"Detienen a 5 en veh\u00edculo robado"},"content":{"rendered":"<p><a href=\"http:\/\/www.alertaciudadana.info\/wp-content\/uploads\/2017\/09\/SSP-091-2017.-Comunicado-de-la-Secretar\u00eda-de-Seguridad-P\u00fablica.-2.jpeg\" rel=\"attachment wp-att-18229\"><img loading=\"lazy\" decoding=\"async\" class=\"alignnone size-medium wp-image-18229\" src=\"http:\/\/www.alertaciudadana.info\/wp-content\/uploads\/2017\/09\/SSP-091-2017.-Comunicado-de-la-Secretar\u00eda-de-Seguridad-P\u00fablica.-2-300x169.jpeg\" alt=\"SSP-091-2017.-Comunicado-de-la-Secretar\u00eda-de-Seguridad-P\u00fablica.-2\" width=\"300\" height=\"169\" srcset=\"http:\/\/www.alertaciudadana.info\/wp-content\/uploads\/2017\/09\/SSP-091-2017.-Comunicado-de-la-Secretar\u00eda-de-Seguridad-P\u00fablica.-2-300x169.jpeg 300w, http:\/\/www.alertaciudadana.info\/wp-content\/uploads\/2017\/09\/SSP-091-2017.-Comunicado-de-la-Secretar\u00eda-de-Seguridad-P\u00fablica.-2-768x432.jpeg 768w, http:\/\/www.alertaciudadana.info\/wp-content\/uploads\/2017\/09\/SSP-091-2017.-Comunicado-de-la-Secretar\u00eda-de-Seguridad-P\u00fablica.-2-1024x576.jpeg 1024w, http:\/\/www.alertaciudadana.info\/wp-content\/uploads\/2017\/09\/SSP-091-2017.-Comunicado-de-la-Secretar\u00eda-de-Seguridad-P\u00fablica.-2.jpeg 1200w\" sizes=\"auto, (max-width: 300px) 100vw, 300px\" \/><\/a><a href=\"http:\/\/www.alertaciudadana.info\/wp-content\/uploads\/2017\/09\/SSP-091-2017.-Comunicado-de-la-Secretar\u00eda-de-Seguridad-P\u00fablica.1.jpeg\" rel=\"attachment wp-att-18231\"><img loading=\"lazy\" decoding=\"async\" class=\"alignnone size-medium wp-image-18231\" src=\"http:\/\/www.alertaciudadana.info\/wp-content\/uploads\/2017\/09\/SSP-091-2017.-Comunicado-de-la-Secretar\u00eda-de-Seguridad-P\u00fablica.1-300x169.jpeg\" alt=\"SSP-091-2017.-Comunicado-de-la-Secretar\u00eda-de-Seguridad-P\u00fablica.1\" width=\"300\" height=\"169\" srcset=\"http:\/\/www.alertaciudadana.info\/wp-content\/uploads\/2017\/09\/SSP-091-2017.-Comunicado-de-la-Secretar\u00eda-de-Seguridad-P\u00fablica.1-300x169.jpeg 300w, http:\/\/www.alertaciudadana.info\/wp-content\/uploads\/2017\/09\/SSP-091-2017.-Comunicado-de-la-Secretar\u00eda-de-Seguridad-P\u00fablica.1-768x432.jpeg 768w, http:\/\/www.alertaciudadana.info\/wp-content\/uploads\/2017\/09\/SSP-091-2017.-Comunicado-de-la-Secretar\u00eda-de-Seguridad-P\u00fablica.1-1024x576.jpeg 1024w, http:\/\/www.alertaciudadana.info\/wp-content\/uploads\/2017\/09\/SSP-091-2017.-Comunicado-de-la-Secretar\u00eda-de-Seguridad-P\u00fablica.1.jpeg 1200w\" sizes=\"auto, (max-width: 300px) 100vw, 300px\" \/><\/a><\/p>\n<h3>Ciudad Victoria, Tamaulipas.- La Secretar\u00eda de Seguridad P\u00fablica de Tamaulipas, informa que este mi\u00e9rcoles 30 de agosto en el municipio de El Mante, la Polic\u00eda Estatal llev\u00f3 a cabo la detenci\u00f3n de cinco hombres, uno de ellos menor de edad, asegur\u00e1ndoles un arma corta, una granada de fragmentaci\u00f3n y un veh\u00edculo con reporte de robo.<\/h3>\n<h3>Los hechos se registraron cuando los efectivos estatales acudieron al llamado del C-4, para la localizaci\u00f3n y posterior persecuci\u00f3n de una camioneta pick up Ford doble cabina color negro, que habia sido robada horas antes y en la que viajaban hombres armados, quienes posiblemente hab\u00edan participado en la privaci\u00f3n ilegal de unas personas.<\/h3>\n<h3>Tras ubicarlos se les marc\u00f3 el alto, procediendo con la revisi\u00f3n de rutina, encontrando en el interior del veh\u00edculo un arma corta con dos cargadores abastecidos, una granada de fragmentaci\u00f3n, as\u00ed como varios tel\u00e9fonos celulares.<\/h3>\n<h3>Los ahora detenidos se identificaron como Jos\u00e9 Luis \u201cN\u201d, Lucio Alberto \u201cN\u201d, Carlos Arturo \u201cN\u201d,\u00a0 Enrique \u201cN\u201d y un menor de 17 a\u00f1os de edad, quienes junto con lo asegurado fueron puestos a disposici\u00f3n de la Agencia del Ministerio P\u00fablico correspondiente, instancia que se encargar\u00e1 de emprender las investigaciones pertinentes en torno al caso.<\/h3>\n","protected":false},"excerpt":{"rendered":"<p>Ciudad Victoria, Tamaulipas.- La Secretar\u00eda de Seguridad P\u00fablica de Tamaulipas, informa que este mi\u00e9rcoles 30 de agosto en el municipio&hellip;<\/p>\n","protected":false},"author":1,"featured_media":18230,"comment_status":"closed","ping_status":"closed","sticky":false,"template":"","format":"standard","meta":{"footnotes":""},"categories":[1,8],"tags":[],"class_list":["post-18228","post","type-post","status-publish","format-standard","has-post-thumbnail","hentry","category-destacados","category-policiaca"],"_links":{"self":[{"href":"http:\/\/www.alertaciudadana.info\/index.php?rest_route=\/wp\/v2\/posts\/18228","targetHints":{"allow":["GET"]}}],"collection":[{"href":"http:\/\/www.alertaciudadana.info\/index.php?rest_route=\/wp\/v2\/posts"}],"about":[{"href":"http:\/\/www.alertaciudadana.info\/index.php?rest_route=\/wp\/v2\/types\/post"}],"author":[{"embeddable":true,"href":"http:\/\/www.alertaciudadana.info\/index.php?rest_route=\/wp\/v2\/users\/1"}],"replies":[{"embeddable":true,"href":"http:\/\/www.alertaciudadana.info\/index.php?rest_route=%2Fwp%2Fv2%2Fcomments&post=18228"}],"version-history":[{"count":1,"href":"http:\/\/www.alertaciudadana.info\/index.php?rest_route=\/wp\/v2\/posts\/18228\/revisions"}],"predecessor-version":[{"id":18232,"href":"http:\/\/www.alertaciudadana.info\/index.php?rest_route=\/wp\/v2\/posts\/18228\/revisions\/18232"}],"wp:featuredmedia":[{"embeddable":true,"href":"http:\/\/www.alertaciudadana.info\/index.php?rest_route=\/wp\/v2\/media\/18230"}],"wp:attachment":[{"href":"http:\/\/www.alertaciudadana.info\/index.php?rest_route=%2Fwp%2Fv2%2Fmedia&parent=18228"}],"wp:term":[{"taxonomy":"category","embeddable":true,"href":"http:\/\/www.alertaciudadana.info\/index.php?rest_route=%2Fwp%2Fv2%2Fcategories&post=18228"},{"taxonomy":"post_tag","embeddable":true,"href":"http:\/\/www.alertaciudadana.info\/index.php?rest_route=%2Fwp%2Fv2%2Ftags&post=18228"}],"curies":[{"name":"wp","href":"https:\/\/api.w.org\/{rel}","templated":true}]}}