{"id":18225,"date":"2017-09-01T02:09:12","date_gmt":"2017-09-01T02:09:12","guid":{"rendered":"http:\/\/www.alertaciudadana.info\/?p=18225"},"modified":"2017-09-01T02:09:12","modified_gmt":"2017-09-01T02:09:12","slug":"continua-tamaulipas-renovando-empleos-formales","status":"publish","type":"post","link":"http:\/\/www.alertaciudadana.info\/?p=18225","title":{"rendered":"Contin\u00faa Tamaulipas renovando empleos formales"},"content":{"rendered":"<p><a href=\"http:\/\/www.alertaciudadana.info\/wp-content\/uploads\/2017\/09\/TAM-218-2017.-Contin\u00faa-Tamaulipas-generando-nuevos-empleos-formales.-4-850x500.jpg\" rel=\"attachment wp-att-18226\"><img loading=\"lazy\" decoding=\"async\" class=\"alignnone size-medium wp-image-18226\" src=\"http:\/\/www.alertaciudadana.info\/wp-content\/uploads\/2017\/09\/TAM-218-2017.-Contin\u00faa-Tamaulipas-generando-nuevos-empleos-formales.-4-850x500-300x176.jpg\" alt=\"TAM-218-2017.-Contin\u00faa-Tamaulipas-generando-nuevos-empleos-formales.-4-850x500\" width=\"300\" height=\"176\" srcset=\"http:\/\/www.alertaciudadana.info\/wp-content\/uploads\/2017\/09\/TAM-218-2017.-Contin\u00faa-Tamaulipas-generando-nuevos-empleos-formales.-4-850x500-300x176.jpg 300w, http:\/\/www.alertaciudadana.info\/wp-content\/uploads\/2017\/09\/TAM-218-2017.-Contin\u00faa-Tamaulipas-generando-nuevos-empleos-formales.-4-850x500-768x452.jpg 768w, http:\/\/www.alertaciudadana.info\/wp-content\/uploads\/2017\/09\/TAM-218-2017.-Contin\u00faa-Tamaulipas-generando-nuevos-empleos-formales.-4-850x500.jpg 850w\" sizes=\"auto, (max-width: 300px) 100vw, 300px\" \/><\/a><\/p>\n<h3>Reynosa, Tamaulipas.- El gobernador Francisco Garc\u00eda Cabeza de Vaca inaugur\u00f3 en esta ciudad la Feria Nacional del Empleo para los J\u00f3venes, en coordinaci\u00f3n con el Servicio Nacional del Empleo, en la que se ofertaron 4 mil 369 plazas laborales para operarios, t\u00e9cnicos y profesionistas, as\u00ed como la participaci\u00f3n de 105 empresas locales e internacionales del ramo comercial, industrial y de servicios.<\/h3>\n<h3>Tambi\u00e9n fueron puestas a disposici\u00f3n de los aplicantes, becas para estudiar ingl\u00e9s, talleres de asesor\u00eda curricular, becas para profesionistas y asesor\u00eda para la elaboraci\u00f3n de proyectos productivos.<\/h3>\n<h3>De acuerdo a informaci\u00f3n del Instituto Mexicano del Seguro Social, Tamaulipas gener\u00f3 en el primer semestre de 2017 un total de 22 mil 448 nuevos empleos formales. Esto representa 7 mil plazas laborales m\u00e1s que las abiertas en todo 2016 y 12 mil m\u00e1s que en todo 2015.<\/h3>\n<h3>En su mensaje, el titular del Ejecutivo Estatal se\u00f1al\u00f3 que en su administraci\u00f3n la visi\u00f3n de progreso es amplia y estrat\u00e9gicamente dirigida a la transformaci\u00f3n, desde la ra\u00edz, de las condiciones que hoy limitan la armon\u00eda y el desarrollo plenos del estado.<\/h3>\n<h3>\u201cCrear fuentes de trabajo y pensar en los j\u00f3venes, es aportar una parte importante para el logro de la paz y armon\u00eda en Tamaulipas\u201d, indic\u00f3 el gobernador Garc\u00eda Cabeza de Vaca.<\/h3>\n<h3>El Gobierno del Estado de Tamaulipas, en coordinaci\u00f3n con el Servicio Nacional del Empleo, tambi\u00e9n organiza la Feria de Empleo para Personas con Capacidades Diferentes y Adultos Mayores, as\u00ed como la Primera Feria Regional de Empleo en el municipio de Gonz\u00e1lez, entre otras, en Ciudad Victoria, Matamoros, Nuevo Laredo, Tampico y Mante, en las que participan 457 empresas con la oferta de 5 mil 525 plazas de trabajo.<\/h3>\n","protected":false},"excerpt":{"rendered":"<p>Reynosa, Tamaulipas.- El gobernador Francisco Garc\u00eda Cabeza de Vaca inaugur\u00f3 en esta ciudad la Feria Nacional del Empleo para los&hellip;<\/p>\n","protected":false},"author":1,"featured_media":18226,"comment_status":"closed","ping_status":"closed","sticky":false,"template":"","format":"standard","meta":{"footnotes":""},"categories":[1,2,4],"tags":[],"class_list":["post-18225","post","type-post","status-publish","format-standard","has-post-thumbnail","hentry","category-destacados","category-reynosa","category-tamaulipas"],"_links":{"self":[{"href":"http:\/\/www.alertaciudadana.info\/index.php?rest_route=\/wp\/v2\/posts\/18225","targetHints":{"allow":["GET"]}}],"collection":[{"href":"http:\/\/www.alertaciudadana.info\/index.php?rest_route=\/wp\/v2\/posts"}],"about":[{"href":"http:\/\/www.alertaciudadana.info\/index.php?rest_route=\/wp\/v2\/types\/post"}],"author":[{"embeddable":true,"href":"http:\/\/www.alertaciudadana.info\/index.php?rest_route=\/wp\/v2\/users\/1"}],"replies":[{"embeddable":true,"href":"http:\/\/www.alertaciudadana.info\/index.php?rest_route=%2Fwp%2Fv2%2Fcomments&post=18225"}],"version-history":[{"count":1,"href":"http:\/\/www.alertaciudadana.info\/index.php?rest_route=\/wp\/v2\/posts\/18225\/revisions"}],"predecessor-version":[{"id":18227,"href":"http:\/\/www.alertaciudadana.info\/index.php?rest_route=\/wp\/v2\/posts\/18225\/revisions\/18227"}],"wp:featuredmedia":[{"embeddable":true,"href":"http:\/\/www.alertaciudadana.info\/index.php?rest_route=\/wp\/v2\/media\/18226"}],"wp:attachment":[{"href":"http:\/\/www.alertaciudadana.info\/index.php?rest_route=%2Fwp%2Fv2%2Fmedia&parent=18225"}],"wp:term":[{"taxonomy":"category","embeddable":true,"href":"http:\/\/www.alertaciudadana.info\/index.php?rest_route=%2Fwp%2Fv2%2Fcategories&post=18225"},{"taxonomy":"post_tag","embeddable":true,"href":"http:\/\/www.alertaciudadana.info\/index.php?rest_route=%2Fwp%2Fv2%2Ftags&post=18225"}],"curies":[{"name":"wp","href":"https:\/\/api.w.org\/{rel}","templated":true}]}}