{"id":17878,"date":"2017-08-16T20:42:57","date_gmt":"2017-08-16T20:42:57","guid":{"rendered":"http:\/\/www.alertaciudadana.info\/?p=17878"},"modified":"2017-08-16T20:42:57","modified_gmt":"2017-08-16T20:42:57","slug":"designa-gobernador-a-subsecretario-de-seguridad-publica","status":"publish","type":"post","link":"http:\/\/www.alertaciudadana.info\/?p=17878","title":{"rendered":"Designa Gobernador a Subsecretario de Seguridad P\u00fablica"},"content":{"rendered":"<p><a href=\"http:\/\/www.alertaciudadana.info\/wp-content\/uploads\/2017\/08\/TAM-208-2017.-Designa-Gobernador-a-Subsecretario-de-Seguridad-P\u00fablica.-e1502916093728.jpeg\" rel=\"attachment wp-att-17879\"><img loading=\"lazy\" decoding=\"async\" class=\"alignnone size-medium wp-image-17879\" src=\"http:\/\/www.alertaciudadana.info\/wp-content\/uploads\/2017\/08\/TAM-208-2017.-Designa-Gobernador-a-Subsecretario-de-Seguridad-P\u00fablica.-e1502916093728-300x201.jpeg\" alt=\"TAM-208-2017.-Designa-Gobernador-a-Subsecretario-de-Seguridad-P\u00fablica.\" width=\"300\" height=\"201\" srcset=\"http:\/\/www.alertaciudadana.info\/wp-content\/uploads\/2017\/08\/TAM-208-2017.-Designa-Gobernador-a-Subsecretario-de-Seguridad-P\u00fablica.-e1502916093728-300x201.jpeg 300w, http:\/\/www.alertaciudadana.info\/wp-content\/uploads\/2017\/08\/TAM-208-2017.-Designa-Gobernador-a-Subsecretario-de-Seguridad-P\u00fablica.-e1502916093728-768x515.jpeg 768w, http:\/\/www.alertaciudadana.info\/wp-content\/uploads\/2017\/08\/TAM-208-2017.-Designa-Gobernador-a-Subsecretario-de-Seguridad-P\u00fablica.-e1502916093728.jpeg 885w\" sizes=\"auto, (max-width: 300px) 100vw, 300px\" \/><\/a><\/p>\n<h3><span class=\"box1\">Ciudad Victoria, Tamaulipas.- El Gobernador Francisco Garc\u00eda Cabeza de Vaca design\u00f3 este jueves al Capit\u00e1n de Nav\u00edo de la Secretar\u00eda de Marina, Carlos Jes\u00fas Miravete Estrada, como Subsecretario de Operaci\u00f3n Policial de la Secretar\u00eda de Seguridad P\u00fablica de la entidad.<\/span><\/h3>\n<h3>El Capit\u00e1n Nav. Miravete es Ingeniero en Ciencias Navales egresado de la Heroica Escuela Naval Militar y cuenta con una Maestr\u00eda en Administraci\u00f3n Naval, Diplomado de Estado Mayor, efectuado en el Centro de Estudios Superiores Navales.<\/h3>\n<h3>Cuenta con el grado de Capit\u00e1n de Nav\u00edo desde hace poco menos de 3 a\u00f1os y en la Secretar\u00eda de Marina ten\u00eda el puesto de comandante del Batall\u00f3n de Infanter\u00eda de Marina.<\/h3>\n<h3>Entre los cursos realizados destaca el de especialidad en comunicaciones y electr\u00f3nica, de infanter\u00eda de Marina, de mando naval y otros de especialidad en materia de seguridad, realizados en instituciones de la Secretar\u00eda de Marina y privadas.<\/h3>\n<h3>Con el nombramiento del Capit\u00e1n Miravete Estrada al frente de la Subsecretar\u00eda de Operaci\u00f3n Policial, el Gobierno de Tamaulipas refuerza las medidas encaminadas a otorgar mejores condiciones de seguridad a las familias tamaulipecas.<\/h3>\n<p>&nbsp;<\/p>\n","protected":false},"excerpt":{"rendered":"<p>Ciudad Victoria, Tamaulipas.- El Gobernador Francisco Garc\u00eda Cabeza de Vaca design\u00f3 este jueves al Capit\u00e1n de Nav\u00edo de la Secretar\u00eda&hellip;<\/p>\n","protected":false},"author":1,"featured_media":17879,"comment_status":"closed","ping_status":"closed","sticky":false,"template":"","format":"standard","meta":{"footnotes":""},"categories":[16,1,4],"tags":[],"class_list":["post-17878","post","type-post","status-publish","format-standard","has-post-thumbnail","hentry","category-ciudadvictoria","category-destacados","category-tamaulipas"],"_links":{"self":[{"href":"http:\/\/www.alertaciudadana.info\/index.php?rest_route=\/wp\/v2\/posts\/17878","targetHints":{"allow":["GET"]}}],"collection":[{"href":"http:\/\/www.alertaciudadana.info\/index.php?rest_route=\/wp\/v2\/posts"}],"about":[{"href":"http:\/\/www.alertaciudadana.info\/index.php?rest_route=\/wp\/v2\/types\/post"}],"author":[{"embeddable":true,"href":"http:\/\/www.alertaciudadana.info\/index.php?rest_route=\/wp\/v2\/users\/1"}],"replies":[{"embeddable":true,"href":"http:\/\/www.alertaciudadana.info\/index.php?rest_route=%2Fwp%2Fv2%2Fcomments&post=17878"}],"version-history":[{"count":1,"href":"http:\/\/www.alertaciudadana.info\/index.php?rest_route=\/wp\/v2\/posts\/17878\/revisions"}],"predecessor-version":[{"id":17880,"href":"http:\/\/www.alertaciudadana.info\/index.php?rest_route=\/wp\/v2\/posts\/17878\/revisions\/17880"}],"wp:featuredmedia":[{"embeddable":true,"href":"http:\/\/www.alertaciudadana.info\/index.php?rest_route=\/wp\/v2\/media\/17879"}],"wp:attachment":[{"href":"http:\/\/www.alertaciudadana.info\/index.php?rest_route=%2Fwp%2Fv2%2Fmedia&parent=17878"}],"wp:term":[{"taxonomy":"category","embeddable":true,"href":"http:\/\/www.alertaciudadana.info\/index.php?rest_route=%2Fwp%2Fv2%2Fcategories&post=17878"},{"taxonomy":"post_tag","embeddable":true,"href":"http:\/\/www.alertaciudadana.info\/index.php?rest_route=%2Fwp%2Fv2%2Ftags&post=17878"}],"curies":[{"name":"wp","href":"https:\/\/api.w.org\/{rel}","templated":true}]}}