{"id":17820,"date":"2017-08-15T17:36:18","date_gmt":"2017-08-15T17:36:18","guid":{"rendered":"http:\/\/www.alertaciudadana.info\/?p=17820"},"modified":"2017-08-15T17:36:18","modified_gmt":"2017-08-15T17:36:18","slug":"balacera-causa-terror-y-muerte-en-las-fuentes","status":"publish","type":"post","link":"http:\/\/www.alertaciudadana.info\/?p=17820","title":{"rendered":"Balacera Causa terror y muerte en las fuentes"},"content":{"rendered":"<h3><a href=\"http:\/\/www.alertaciudadana.info\/wp-content\/uploads\/2017\/08\/IMG_2337-1.jpg\" rel=\"attachment wp-att-17812\"><img loading=\"lazy\" decoding=\"async\" class=\"alignnone size-medium wp-image-17812\" src=\"http:\/\/www.alertaciudadana.info\/wp-content\/uploads\/2017\/08\/IMG_2337-1-300x169.jpg\" alt=\"IMG_2337\" width=\"300\" height=\"169\" srcset=\"http:\/\/www.alertaciudadana.info\/wp-content\/uploads\/2017\/08\/IMG_2337-1-300x169.jpg 300w, http:\/\/www.alertaciudadana.info\/wp-content\/uploads\/2017\/08\/IMG_2337-1-768x432.jpg 768w, http:\/\/www.alertaciudadana.info\/wp-content\/uploads\/2017\/08\/IMG_2337-1-1024x576.jpg 1024w, http:\/\/www.alertaciudadana.info\/wp-content\/uploads\/2017\/08\/IMG_2337-1.jpg 1920w\" sizes=\"auto, (max-width: 300px) 100vw, 300px\" \/><\/a><a href=\"http:\/\/www.alertaciudadana.info\/wp-content\/uploads\/2017\/08\/IMG_2326.jpg\" rel=\"attachment wp-att-17807\"><img loading=\"lazy\" decoding=\"async\" class=\"alignnone size-medium wp-image-17807\" src=\"http:\/\/www.alertaciudadana.info\/wp-content\/uploads\/2017\/08\/IMG_2326-300x169.jpg\" alt=\"IMG_2326\" width=\"300\" height=\"169\" srcset=\"http:\/\/www.alertaciudadana.info\/wp-content\/uploads\/2017\/08\/IMG_2326-300x169.jpg 300w, http:\/\/www.alertaciudadana.info\/wp-content\/uploads\/2017\/08\/IMG_2326-768x432.jpg 768w, http:\/\/www.alertaciudadana.info\/wp-content\/uploads\/2017\/08\/IMG_2326-1024x576.jpg 1024w, http:\/\/www.alertaciudadana.info\/wp-content\/uploads\/2017\/08\/IMG_2326.jpg 1920w\" sizes=\"auto, (max-width: 300px) 100vw, 300px\" \/><\/a><a href=\"http:\/\/www.alertaciudadana.info\/wp-content\/uploads\/2017\/08\/IMG_2318.jpg\" rel=\"attachment wp-att-17805\"><img loading=\"lazy\" decoding=\"async\" class=\"alignnone size-medium wp-image-17805\" src=\"http:\/\/www.alertaciudadana.info\/wp-content\/uploads\/2017\/08\/IMG_2318-300x169.jpg\" alt=\"IMG_2318\" width=\"300\" height=\"169\" srcset=\"http:\/\/www.alertaciudadana.info\/wp-content\/uploads\/2017\/08\/IMG_2318-300x169.jpg 300w, http:\/\/www.alertaciudadana.info\/wp-content\/uploads\/2017\/08\/IMG_2318-768x432.jpg 768w, http:\/\/www.alertaciudadana.info\/wp-content\/uploads\/2017\/08\/IMG_2318-1024x576.jpg 1024w, http:\/\/www.alertaciudadana.info\/wp-content\/uploads\/2017\/08\/IMG_2318.jpg 1920w\" sizes=\"auto, (max-width: 300px) 100vw, 300px\" \/><\/a><a href=\"http:\/\/www.alertaciudadana.info\/wp-content\/uploads\/2017\/08\/IMG_2333.jpg\" rel=\"attachment wp-att-17808\"><img loading=\"lazy\" decoding=\"async\" class=\"alignnone size-medium wp-image-17808\" src=\"http:\/\/www.alertaciudadana.info\/wp-content\/uploads\/2017\/08\/IMG_2333-300x169.jpg\" alt=\"IMG_2333\" width=\"300\" height=\"169\" srcset=\"http:\/\/www.alertaciudadana.info\/wp-content\/uploads\/2017\/08\/IMG_2333-300x169.jpg 300w, http:\/\/www.alertaciudadana.info\/wp-content\/uploads\/2017\/08\/IMG_2333-768x432.jpg 768w, http:\/\/www.alertaciudadana.info\/wp-content\/uploads\/2017\/08\/IMG_2333-1024x576.jpg 1024w, http:\/\/www.alertaciudadana.info\/wp-content\/uploads\/2017\/08\/IMG_2333.jpg 1920w\" sizes=\"auto, (max-width: 300px) 100vw, 300px\" \/><\/a><\/h3>\n<h3>Javier Izaguirre<\/h3>\n<h3>Reynosa Tam.-Un enfrentamiento que dejo como saldo una persona muerta dentro de un veh\u00edculo en la colonia las fuentes, fue el resultado de lo ocurrido en horas de la ma\u00f1ana, al lugar llegaron elementos de fuerza Tamaulipas, Elementos Militares, y Policia ministerial para recabar informaci\u00f3n y sacar huellas dactilares de la persona fallecida, Familias del sector mencionaron que fueron Minutos de terror los que vivieron al tener que tirarse bajo las camas, mientras que otros se met\u00edan en los ba\u00f1os al escuchar las fuertes detonaciones.<\/h3>\n<h3>En una de las calles principales como\u00a0lo fueron\u00a0circuito independencia y calle sierra Milpas colonia las fuentes secci\u00f3n lomas se pudo observar como fue que una camioneta tipo Chevrolet color blanca de cuatro puertas fue abandonada en el lugar, de la misma manera en una entre calle se observaba otra camioneta tipo sierra color negra con varios impactos de bala, el lugar fue acordonado por elementos de la polic\u00eda Fuerza Tamaulipas, Elementos Militares asi como ministeriales.<\/h3>\n<h3>En la misma colonia pero a una cuadras mas adelante se encontr\u00f3 un veh\u00edculo tambi\u00e9n con huelas de impacto de bala, en el cual en su interior se ve\u00eda una persona muerta, esto seg\u00fan informaci\u00f3n de los Elementos Militares fueron por los impactos de bala recibidos en su humanidad, fue asi como termino dicho enfrentamiento entre civiles armados seg\u00fan se informo por parte de las Autoridades militares que estaba en el lugar de los hechos.<\/h3>\n","protected":false},"excerpt":{"rendered":"<p>Javier Izaguirre Reynosa Tam.-Un enfrentamiento que dejo como saldo una persona muerta dentro de un veh\u00edculo en la colonia las&hellip;<\/p>\n","protected":false},"author":1,"featured_media":17813,"comment_status":"closed","ping_status":"closed","sticky":false,"template":"","format":"standard","meta":{"footnotes":""},"categories":[1,8,2],"tags":[],"class_list":["post-17820","post","type-post","status-publish","format-standard","has-post-thumbnail","hentry","category-destacados","category-policiaca","category-reynosa"],"_links":{"self":[{"href":"http:\/\/www.alertaciudadana.info\/index.php?rest_route=\/wp\/v2\/posts\/17820","targetHints":{"allow":["GET"]}}],"collection":[{"href":"http:\/\/www.alertaciudadana.info\/index.php?rest_route=\/wp\/v2\/posts"}],"about":[{"href":"http:\/\/www.alertaciudadana.info\/index.php?rest_route=\/wp\/v2\/types\/post"}],"author":[{"embeddable":true,"href":"http:\/\/www.alertaciudadana.info\/index.php?rest_route=\/wp\/v2\/users\/1"}],"replies":[{"embeddable":true,"href":"http:\/\/www.alertaciudadana.info\/index.php?rest_route=%2Fwp%2Fv2%2Fcomments&post=17820"}],"version-history":[{"count":1,"href":"http:\/\/www.alertaciudadana.info\/index.php?rest_route=\/wp\/v2\/posts\/17820\/revisions"}],"predecessor-version":[{"id":17821,"href":"http:\/\/www.alertaciudadana.info\/index.php?rest_route=\/wp\/v2\/posts\/17820\/revisions\/17821"}],"wp:featuredmedia":[{"embeddable":true,"href":"http:\/\/www.alertaciudadana.info\/index.php?rest_route=\/wp\/v2\/media\/17813"}],"wp:attachment":[{"href":"http:\/\/www.alertaciudadana.info\/index.php?rest_route=%2Fwp%2Fv2%2Fmedia&parent=17820"}],"wp:term":[{"taxonomy":"category","embeddable":true,"href":"http:\/\/www.alertaciudadana.info\/index.php?rest_route=%2Fwp%2Fv2%2Fcategories&post=17820"},{"taxonomy":"post_tag","embeddable":true,"href":"http:\/\/www.alertaciudadana.info\/index.php?rest_route=%2Fwp%2Fv2%2Ftags&post=17820"}],"curies":[{"name":"wp","href":"https:\/\/api.w.org\/{rel}","templated":true}]}}