{"id":16009,"date":"2017-06-20T15:05:01","date_gmt":"2017-06-20T15:05:01","guid":{"rendered":"http:\/\/www.alertaciudadana.info\/?p=16009"},"modified":"2017-06-20T15:05:01","modified_gmt":"2017-06-20T15:05:01","slug":"siguen-robos-de-vehiculos-en-reynosa","status":"publish","type":"post","link":"http:\/\/www.alertaciudadana.info\/?p=16009","title":{"rendered":"Siguen robos de Veh\u00edculos en Reynosa"},"content":{"rendered":"<p><a href=\"http:\/\/www.alertaciudadana.info\/wp-content\/uploads\/2017\/05\/IMG_20170504_093716-2.jpg\" rel=\"attachment wp-att-15099\"><img loading=\"lazy\" decoding=\"async\" class=\"alignnone size-medium wp-image-15099\" src=\"http:\/\/www.alertaciudadana.info\/wp-content\/uploads\/2017\/05\/IMG_20170504_093716-2-300x225.jpg\" alt=\"IMG_20170504_093716\" width=\"300\" height=\"225\" srcset=\"http:\/\/www.alertaciudadana.info\/wp-content\/uploads\/2017\/05\/IMG_20170504_093716-2-300x225.jpg 300w, http:\/\/www.alertaciudadana.info\/wp-content\/uploads\/2017\/05\/IMG_20170504_093716-2-768x576.jpg 768w, http:\/\/www.alertaciudadana.info\/wp-content\/uploads\/2017\/05\/IMG_20170504_093716-2-1024x768.jpg 1024w\" sizes=\"auto, (max-width: 300px) 100vw, 300px\" \/><\/a><\/p>\n<h3>Javier Izaguirre<\/h3>\n<h3>Reynosa Tam.-El robo de veh\u00edculos en la ciudad est\u00e1 a la orden del d\u00eda, a trav\u00e9s de las redes sociales se ha dejado ver c\u00f3mo es que ahora en plenas avenidas reconocidas de la ciudad estan quitando los veh\u00edculos, lo que hace que la alarma se active ya que son familias de bien las que salen afectadas.<\/h3>\n<h3>Por su parte la estrategia de seguridad que implemento el gobierno federal, no estan dando el ancho al haber ahora m\u00e1s robos a ciudadan\u00eda que va a sus lugares de trabajo, de la misma forma el que bajen a una familia de su unidad motriz afectando de una forma por dem\u00e1s critica hasta a quienes solo van de visita con sus familiares.<\/h3>\n<h3>Las redes sociales son un detonante que no solo se ve a nivel local si no que alcanza magnitudes interminables, es por ello que tambien las autoridades de los estados unidos de norte Am\u00e9rica, al momento de saber que un ciudadano viene hacia Tamaulipas se les hace del conocimiento de los que pasa en la ciudad.<\/h3>\n<h3>Por su parte el Gobernador del Estado Francisco Javier Garc\u00eda Cabeza de Vaca, menciono que se est\u00e1 avanzando en cuestiones de seguridad y que esperan pronto recuperar el Tamaulipas que hab\u00eda antes.<\/h3>\n","protected":false},"excerpt":{"rendered":"<p>Javier Izaguirre Reynosa Tam.-El robo de veh\u00edculos en la ciudad est\u00e1 a la orden del d\u00eda, a trav\u00e9s de las&hellip;<\/p>\n","protected":false},"author":1,"featured_media":15967,"comment_status":"closed","ping_status":"closed","sticky":false,"template":"","format":"standard","meta":{"footnotes":""},"categories":[1,4],"tags":[],"class_list":["post-16009","post","type-post","status-publish","format-standard","has-post-thumbnail","hentry","category-destacados","category-tamaulipas"],"_links":{"self":[{"href":"http:\/\/www.alertaciudadana.info\/index.php?rest_route=\/wp\/v2\/posts\/16009","targetHints":{"allow":["GET"]}}],"collection":[{"href":"http:\/\/www.alertaciudadana.info\/index.php?rest_route=\/wp\/v2\/posts"}],"about":[{"href":"http:\/\/www.alertaciudadana.info\/index.php?rest_route=\/wp\/v2\/types\/post"}],"author":[{"embeddable":true,"href":"http:\/\/www.alertaciudadana.info\/index.php?rest_route=\/wp\/v2\/users\/1"}],"replies":[{"embeddable":true,"href":"http:\/\/www.alertaciudadana.info\/index.php?rest_route=%2Fwp%2Fv2%2Fcomments&post=16009"}],"version-history":[{"count":1,"href":"http:\/\/www.alertaciudadana.info\/index.php?rest_route=\/wp\/v2\/posts\/16009\/revisions"}],"predecessor-version":[{"id":16010,"href":"http:\/\/www.alertaciudadana.info\/index.php?rest_route=\/wp\/v2\/posts\/16009\/revisions\/16010"}],"wp:featuredmedia":[{"embeddable":true,"href":"http:\/\/www.alertaciudadana.info\/index.php?rest_route=\/wp\/v2\/media\/15967"}],"wp:attachment":[{"href":"http:\/\/www.alertaciudadana.info\/index.php?rest_route=%2Fwp%2Fv2%2Fmedia&parent=16009"}],"wp:term":[{"taxonomy":"category","embeddable":true,"href":"http:\/\/www.alertaciudadana.info\/index.php?rest_route=%2Fwp%2Fv2%2Fcategories&post=16009"},{"taxonomy":"post_tag","embeddable":true,"href":"http:\/\/www.alertaciudadana.info\/index.php?rest_route=%2Fwp%2Fv2%2Ftags&post=16009"}],"curies":[{"name":"wp","href":"https:\/\/api.w.org\/{rel}","templated":true}]}}