{"id":15646,"date":"2017-06-07T19:49:53","date_gmt":"2017-06-07T19:49:53","guid":{"rendered":"http:\/\/www.alertaciudadana.info\/?p=15646"},"modified":"2017-06-07T19:49:53","modified_gmt":"2017-06-07T19:49:53","slug":"aumenta-numero-de-muertos-en-penal-de-victoria","status":"publish","type":"post","link":"http:\/\/www.alertaciudadana.info\/?p=15646","title":{"rendered":"Aumenta n\u00famero de muertos en Penal de Victoria"},"content":{"rendered":"<p><a href=\"http:\/\/www.alertaciudadana.info\/wp-content\/uploads\/2017\/06\/balacera-penal-cd-victoria.jpg\" rel=\"attachment wp-att-15647\"><img loading=\"lazy\" decoding=\"async\" class=\"alignnone size-medium wp-image-15647\" src=\"http:\/\/www.alertaciudadana.info\/wp-content\/uploads\/2017\/06\/balacera-penal-cd-victoria-300x167.jpg\" alt=\"balacera-penal-cd-victoria\" width=\"300\" height=\"167\" srcset=\"http:\/\/www.alertaciudadana.info\/wp-content\/uploads\/2017\/06\/balacera-penal-cd-victoria-300x167.jpg 300w, http:\/\/www.alertaciudadana.info\/wp-content\/uploads\/2017\/06\/balacera-penal-cd-victoria.jpg 600w\" sizes=\"auto, (max-width: 300px) 100vw, 300px\" \/><\/a><\/p>\n<div class=\"text_exposed_show\">\n<h3>Ciudad Victoria, Tamaulipas.- Elementos de Fuerza Tamaulipas ingresaron al Centro de Ejecuci\u00f3n de Sanciones (CEDES) de esta ciudad para realizar un operativo programado al contar con reportes de posibles diferencias entre grupos rivales hacia el interior del penal.<\/h3>\n<h3>Como protocolo de seguridad, las autoridades notificaron a los establecimientos comerciales aleda\u00f1os para que extremaran precauciones y de ser posible se ausentaran durante la tarde durante la realizaci\u00f3n del operativo.<\/h3>\n<h3>El ingreso de las autoridades para la realizaci\u00f3n del operativo deriv\u00f3 en un enfrentamiento con saldo preliminar hasta las 11 de la noche de este mismo martes, de 3 elementos de la Polic\u00eda estatal fallecidos, un interno muerto y 6 polic\u00edas m\u00e1s lesionados.<\/h3>\n<h3>Dos de los polic\u00edas fallecieron en hospitales a los que fueron trasladados para ser atendidos.<\/h3>\n<h3>El enfrentamiento se suscit\u00f3 alrededor de las 4 de la tarde y las autoridades estatales recibieron el respaldo del Ej\u00e9rcito Mexicano y de la Polic\u00eda Federal durante el tiempo que dur\u00f3 el enfrentamiento, manteniendo vigilancia hacia el exterior del CEDES y asistiendo a las autoridades estatales en el interior del mismo.<\/h3>\n<h3>Tras retomar el control del penal, cerca de las 8 de la noche, las autoridades desplegaron un operativo ingresando a todos los m\u00f3dulos.<\/h3>\n<h3>La Procuradur\u00eda General de Justicia de Tamaulipas iniciar\u00e1 las investigaciones correspondientes para determinar c\u00f3mo fue que ingresaron armas y municiones al penal y castigar a las personas responsables.<\/h3>\n<\/div>\n","protected":false},"excerpt":{"rendered":"<p>Ciudad Victoria, Tamaulipas.- Elementos de Fuerza Tamaulipas ingresaron al Centro de Ejecuci\u00f3n de Sanciones (CEDES) de esta ciudad para realizar&hellip;<\/p>\n","protected":false},"author":1,"featured_media":15647,"comment_status":"closed","ping_status":"closed","sticky":false,"template":"","format":"standard","meta":{"footnotes":""},"categories":[16,1,4],"tags":[],"class_list":["post-15646","post","type-post","status-publish","format-standard","has-post-thumbnail","hentry","category-ciudadvictoria","category-destacados","category-tamaulipas"],"_links":{"self":[{"href":"http:\/\/www.alertaciudadana.info\/index.php?rest_route=\/wp\/v2\/posts\/15646","targetHints":{"allow":["GET"]}}],"collection":[{"href":"http:\/\/www.alertaciudadana.info\/index.php?rest_route=\/wp\/v2\/posts"}],"about":[{"href":"http:\/\/www.alertaciudadana.info\/index.php?rest_route=\/wp\/v2\/types\/post"}],"author":[{"embeddable":true,"href":"http:\/\/www.alertaciudadana.info\/index.php?rest_route=\/wp\/v2\/users\/1"}],"replies":[{"embeddable":true,"href":"http:\/\/www.alertaciudadana.info\/index.php?rest_route=%2Fwp%2Fv2%2Fcomments&post=15646"}],"version-history":[{"count":1,"href":"http:\/\/www.alertaciudadana.info\/index.php?rest_route=\/wp\/v2\/posts\/15646\/revisions"}],"predecessor-version":[{"id":15648,"href":"http:\/\/www.alertaciudadana.info\/index.php?rest_route=\/wp\/v2\/posts\/15646\/revisions\/15648"}],"wp:featuredmedia":[{"embeddable":true,"href":"http:\/\/www.alertaciudadana.info\/index.php?rest_route=\/wp\/v2\/media\/15647"}],"wp:attachment":[{"href":"http:\/\/www.alertaciudadana.info\/index.php?rest_route=%2Fwp%2Fv2%2Fmedia&parent=15646"}],"wp:term":[{"taxonomy":"category","embeddable":true,"href":"http:\/\/www.alertaciudadana.info\/index.php?rest_route=%2Fwp%2Fv2%2Fcategories&post=15646"},{"taxonomy":"post_tag","embeddable":true,"href":"http:\/\/www.alertaciudadana.info\/index.php?rest_route=%2Fwp%2Fv2%2Ftags&post=15646"}],"curies":[{"name":"wp","href":"https:\/\/api.w.org\/{rel}","templated":true}]}}